{"id":10326,"date":"2025-04-22T08:14:07","date_gmt":"2025-04-22T06:14:07","guid":{"rendered":"https:\/\/ch.abetlaminati.com\/grande-successo-per-abet-laminati-alla-design-week-2025\/"},"modified":"2025-11-05T18:21:28","modified_gmt":"2025-11-05T17:21:28","slug":"grosser-erfolg-fuer-abet-laminati-auf-der-milan-design-week-2025","status":"publish","type":"post","link":"https:\/\/ch.abetlaminati.com\/de\/grosser-erfolg-fuer-abet-laminati-auf-der-milan-design-week-2025\/","title":{"rendered":"Gro\u00dfer Erfolg f\u00fcr Abet Laminati auf der Milan Design Week 2025"},"content":{"rendered":"\t\t<div data-elementor-type=\"wp-post\" data-elementor-id=\"10326\" class=\"elementor elementor-10326 elementor-10164\" data-elementor-post-type=\"post\">\n\t\t\t\t\t\t<section class=\"elementor-section elementor-top-section elementor-element elementor-element-2e0c518c elementor-section-boxed elementor-section-height-default elementor-section-height-default\" data-id=\"2e0c518c\" data-element_type=\"section\">\n\t\t\t\t\t\t<div class=\"elementor-container elementor-column-gap-default\">\n\t\t\t\t\t<div class=\"elementor-column elementor-col-100 elementor-top-column elementor-element elementor-element-7e56426d\" data-id=\"7e56426d\" data-element_type=\"column\">\n\t\t\t<div class=\"elementor-widget-wrap elementor-element-populated\">\n\t\t\t\t\t\t<div class=\"elementor-element elementor-element-20c29ace elementor-widget elementor-widget-theme-post-featured-image elementor-widget-image\" data-id=\"20c29ace\" data-element_type=\"widget\" data-widget_type=\"theme-post-featured-image.default\">\n\t\t\t\t<div class=\"elementor-widget-container\">\n\t\t\t\t\t\t\t\t\t\t\t\t\t\t\t<img fetchpriority=\"high\" decoding=\"async\" width=\"231\" height=\"300\" src=\"https:\/\/ch.abetlaminati.com\/wp-content\/uploads\/sites\/14\/2025\/04\/ABET_News_MDW25-Recap_Featured-Image-231x300.jpg\" class=\"attachment-medium size-medium wp-image-10250\" alt=\"\" srcset=\"https:\/\/ch.abetlaminati.com\/wp-content\/uploads\/sites\/14\/2025\/04\/ABET_News_MDW25-Recap_Featured-Image-231x300.jpg 231w, https:\/\/ch.abetlaminati.com\/wp-content\/uploads\/sites\/14\/2025\/04\/ABET_News_MDW25-Recap_Featured-Image-788x1024.jpg 788w, https:\/\/ch.abetlaminati.com\/wp-content\/uploads\/sites\/14\/2025\/04\/ABET_News_MDW25-Recap_Featured-Image-768x998.jpg 768w, https:\/\/ch.abetlaminati.com\/wp-content\/uploads\/sites\/14\/2025\/04\/ABET_News_MDW25-Recap_Featured-Image.jpg 1000w\" sizes=\"(max-width: 231px) 100vw, 231px\" \/>\t\t\t\t\t\t\t\t\t\t\t\t\t\t\t<\/div>\n\t\t\t\t<\/div>\n\t\t\t\t\t<\/div>\n\t\t<\/div>\n\t\t\t\t\t<\/div>\n\t\t<\/section>\n\t\t\t\t<section class=\"elementor-section elementor-top-section elementor-element elementor-element-67c0f79c elementor-section-boxed elementor-section-height-default elementor-section-height-default\" data-id=\"67c0f79c\" data-element_type=\"section\">\n\t\t\t\t\t\t<div class=\"elementor-container elementor-column-gap-default\">\n\t\t\t\t\t<div class=\"elementor-column elementor-col-100 elementor-top-column elementor-element elementor-element-1486b829\" data-id=\"1486b829\" data-element_type=\"column\">\n\t\t\t<div class=\"elementor-widget-wrap elementor-element-populated\">\n\t\t\t\t\t\t<div class=\"elementor-element elementor-element-6871d419 elementor-widget elementor-widget-theme-post-title elementor-page-title elementor-widget-heading\" data-id=\"6871d419\" data-element_type=\"widget\" data-widget_type=\"theme-post-title.default\">\n\t\t\t\t<div class=\"elementor-widget-container\">\n\t\t\t\t\t<h1 class=\"elementor-heading-title elementor-size-default\">Gro\u00dfer Erfolg f\u00fcr Abet Laminati auf der Milan Design Week 2025<\/h1>\t\t\t\t<\/div>\n\t\t\t\t<\/div>\n\t\t\t\t<div class=\"elementor-element elementor-element-4ac9ac6b elementor-align-center elementor-widget elementor-widget-post-info\" data-id=\"4ac9ac6b\" data-element_type=\"widget\" data-widget_type=\"post-info.default\">\n\t\t\t\t<div class=\"elementor-widget-container\">\n\t\t\t\t\t\t\t<ul class=\"elementor-inline-items elementor-icon-list-items elementor-post-info\">\n\t\t\t\t\t\t\t\t<li class=\"elementor-icon-list-item elementor-repeater-item-72e5c62 elementor-inline-item\" itemprop=\"datePublished\">\n\t\t\t\t\t\t<a href=\"https:\/\/ch.abetlaminati.com\/de\/2025\/04\/22\/\">\n\t\t\t\t\t\t\t\t\t\t\t<span class=\"elementor-icon-list-icon\">\n\t\t\t\t\t\t\t\t<i aria-hidden=\"true\" class=\"fas fa-calendar\"><\/i>\t\t\t\t\t\t\t<\/span>\n\t\t\t\t\t\t\t\t\t<span class=\"elementor-icon-list-text elementor-post-info__item elementor-post-info__item--type-date\">\n\t\t\t\t\t\t\t\t\t\t<time>April 22, 2025<\/time>\t\t\t\t\t<\/span>\n\t\t\t\t\t\t\t\t\t<\/a>\n\t\t\t\t<\/li>\n\t\t\t\t<li class=\"elementor-icon-list-item elementor-repeater-item-4cb745f elementor-inline-item\" itemprop=\"about\">\n\t\t\t\t\t\t\t\t\t\t<span class=\"elementor-icon-list-icon\">\n\t\t\t\t\t\t\t\t<i aria-hidden=\"true\" class=\"fas fa-tags\"><\/i>\t\t\t\t\t\t\t<\/span>\n\t\t\t\t\t\t\t\t\t<span class=\"elementor-icon-list-text elementor-post-info__item elementor-post-info__item--type-terms\">\n\t\t\t\t\t\t\t\t\t\t<span class=\"elementor-post-info__terms-list\">\n\t\t\t\t<a href=\"https:\/\/ch.abetlaminati.com\/de\/category\/news-de\/\" class=\"elementor-post-info__terms-list-item\">News<\/a>\t\t\t\t<\/span>\n\t\t\t\t\t<\/span>\n\t\t\t\t\t\t\t\t<\/li>\n\t\t\t\t<\/ul>\n\t\t\t\t\t\t<\/div>\n\t\t\t\t<\/div>\n\t\t\t\t<div class=\"elementor-element elementor-element-4acfa3c elementor-widget elementor-widget-text-editor\" data-id=\"4acfa3c\" data-element_type=\"widget\" data-widget_type=\"text-editor.default\">\n\t\t\t\t<div class=\"elementor-widget-container\">\n\t\t\t\t\t\t\t\t\t<p>Der Auftritt von <b>Abet Laminati<\/b> auf der <b>Milan Design Week 2025<\/b> endete mit gro\u00dfem Erfolg und best\u00e4tigte die Rolle des Unternehmens als <b>Protagonist in der internationalen Designszene<\/b>. Vom Salone del Mobile.Milano bis hin zu prestigetr\u00e4chtigen Locations in der ganzen Stadt konnte <b>Abet Laminati sein Erbe durch strategische Kooperationen mit herausragenden Partnern aufwerten.<\/b><\/p><p><span style=\"font-size: 16px; letter-spacing: 0.03em; word-spacing: 0.07em;\">Die neue Kollektion <\/span><b style=\"font-size: 16px; letter-spacing: 0.03em; word-spacing: 0.07em;\">\u201eHachure\u201c, entworfen von Pierre Charpin <\/b><span style=\"font-size: 16px; letter-spacing: 0.03em; word-spacing: 0.07em;\">und im 44SPAZIO Sowden erstmals pr\u00e4sentiert, zog die Aufmerksamkeit der Besucher auf sich. F\u00fcr die neue Design Edition von Abet Laminati schuf der franz\u00f6sische Meister innovative Muster, bei denen sich Linien kreuzen und Texturen entstehen, die wie gleichm\u00e4\u00dfige, kontinuierliche Oberfl\u00e4chen wirken.<\/span><\/p><p>Besonders hervorzuheben sind die <b>Partnerschaften, die w\u00e4hrend der Veranstaltung mit internationalen Marken und weltbekannten Designern entstanden.<\/b> Diese wussten das Potenzial von Laminat in ihren Kreationen eindrucksvoll umzusetzen. Sowohl beim Fuorisalone als auch auf der Rho Fiera erm\u00f6glichten diese Kooperationen die Erkundung neuer Ausdrucksformen und f\u00fchrten zu ortsspezifischen Installationen und Einrichtungsl\u00f6sungen \u2013 ohne dabei die Projekte f\u00fcr Messest\u00e4nde zu vernachl\u00e4ssigen.<\/p><p>Diese Ausgabe festigte einmal mehr<b> die historische Verbindung, die Abet Laminati seit seinen Anf\u00e4ngen mit der Welt der Architektur und des Designs pflegt.<\/b> Laminat best\u00e4tigt sich dabei als vielseitiges und ausdrucksstarkes Material, das zeitgen\u00f6ssischer Kreativit\u00e4t f\u00fcr Innen- wie Au\u00dfenbereiche konkrete Gestalt verleiht und die<b> Position des Unternehmens als bevorzugter Ansprechpartner f\u00fcr Designer und Architekten auf <\/b>der Suche nach innovativen L\u00f6sungen weiter st\u00e4rkt.<\/p>\t\t\t\t\t\t\t\t<\/div>\n\t\t\t\t<\/div>\n\t\t\t\t<div class=\"elementor-element elementor-element-e46331f elementor-widget elementor-widget-gallery\" data-id=\"e46331f\" data-element_type=\"widget\" data-settings=\"{&quot;gallery_layout&quot;:&quot;justified&quot;,&quot;ideal_row_height&quot;:{&quot;unit&quot;:&quot;px&quot;,&quot;size&quot;:198,&quot;sizes&quot;:[]},&quot;lazyload&quot;:&quot;yes&quot;,&quot;ideal_row_height_tablet&quot;:{&quot;unit&quot;:&quot;px&quot;,&quot;size&quot;:150,&quot;sizes&quot;:[]},&quot;ideal_row_height_mobile&quot;:{&quot;unit&quot;:&quot;px&quot;,&quot;size&quot;:150,&quot;sizes&quot;:[]},&quot;gap&quot;:{&quot;unit&quot;:&quot;px&quot;,&quot;size&quot;:10,&quot;sizes&quot;:[]},&quot;gap_tablet&quot;:{&quot;unit&quot;:&quot;px&quot;,&quot;size&quot;:10,&quot;sizes&quot;:[]},&quot;gap_mobile&quot;:{&quot;unit&quot;:&quot;px&quot;,&quot;size&quot;:10,&quot;sizes&quot;:[]},&quot;link_to&quot;:&quot;file&quot;,&quot;overlay_background&quot;:&quot;yes&quot;,&quot;content_hover_animation&quot;:&quot;fade-in&quot;}\" data-widget_type=\"gallery.default\">\n\t\t\t\t<div class=\"elementor-widget-container\">\n\t\t\t\t\t\t\t<div class=\"elementor-gallery__container\">\n\t\t\t\t\t\t\t<a class=\"e-gallery-item elementor-gallery-item elementor-animated-content\" href=\"https:\/\/ch.abetlaminati.com\/wp-content\/uploads\/sites\/14\/2025\/04\/Abet_Hachure_1.jpg\" data-elementor-open-lightbox=\"yes\" data-elementor-lightbox-slideshow=\"e46331f\" data-elementor-lightbox-title=\"Abet_Hachure_1\" data-e-action-hash=\"#elementor-action%3Aaction%3Dlightbox%26settings%3DeyJpZCI6MTAxNjksInVybCI6Imh0dHBzOlwvXC9jaC5hYmV0bGFtaW5hdGkuY29tXC93cC1jb250ZW50XC91cGxvYWRzXC9zaXRlc1wvMTRcLzIwMjVcLzA0XC9BYmV0X0hhY2h1cmVfMS5qcGciLCJzbGlkZXNob3ciOiJlNDYzMzFmIn0%3D\">\n\t\t\t\t\t<div class=\"e-gallery-image elementor-gallery-item__image\" data-thumbnail=\"https:\/\/ch.abetlaminati.com\/wp-content\/uploads\/sites\/14\/2025\/04\/Abet_Hachure_1-200x300.jpg\" data-width=\"200\" data-height=\"300\" aria-label=\"\" role=\"img\" ><\/div>\n\t\t\t\t\t\t\t\t\t\t\t<div class=\"elementor-gallery-item__overlay\"><\/div>\n\t\t\t\t\t\t\t\t\t\t\t\t\t\t<\/a>\n\t\t\t\t\t\t\t<a class=\"e-gallery-item elementor-gallery-item elementor-animated-content\" href=\"https:\/\/ch.abetlaminati.com\/wp-content\/uploads\/sites\/14\/2025\/04\/Abet_Hachure_7.jpg\" data-elementor-open-lightbox=\"yes\" data-elementor-lightbox-slideshow=\"e46331f\" data-elementor-lightbox-title=\"Abet_Hachure_7\" data-e-action-hash=\"#elementor-action%3Aaction%3Dlightbox%26settings%3DeyJpZCI6MTAxNzIsInVybCI6Imh0dHBzOlwvXC9jaC5hYmV0bGFtaW5hdGkuY29tXC93cC1jb250ZW50XC91cGxvYWRzXC9zaXRlc1wvMTRcLzIwMjVcLzA0XC9BYmV0X0hhY2h1cmVfNy5qcGciLCJzbGlkZXNob3ciOiJlNDYzMzFmIn0%3D\">\n\t\t\t\t\t<div class=\"e-gallery-image elementor-gallery-item__image\" data-thumbnail=\"https:\/\/ch.abetlaminati.com\/wp-content\/uploads\/sites\/14\/2025\/04\/Abet_Hachure_7-200x300.jpg\" data-width=\"200\" data-height=\"300\" aria-label=\"\" role=\"img\" ><\/div>\n\t\t\t\t\t\t\t\t\t\t\t<div class=\"elementor-gallery-item__overlay\"><\/div>\n\t\t\t\t\t\t\t\t\t\t\t\t\t\t<\/a>\n\t\t\t\t\t\t\t<a class=\"e-gallery-item elementor-gallery-item elementor-animated-content\" href=\"https:\/\/ch.abetlaminati.com\/wp-content\/uploads\/sites\/14\/2025\/04\/ABET-LAMINATI_ALESSI_THE-LAST-POT_SET-UP_ph.-Matteo-Bellomo_01.jpg\" data-elementor-open-lightbox=\"yes\" data-elementor-lightbox-slideshow=\"e46331f\" data-elementor-lightbox-title=\"ABET-LAMINATI_ALESSI_THE LAST POT_SET UP_ph. Matteo Bellomo_01\" data-e-action-hash=\"#elementor-action%3Aaction%3Dlightbox%26settings%3DeyJpZCI6MTAxNzUsInVybCI6Imh0dHBzOlwvXC9jaC5hYmV0bGFtaW5hdGkuY29tXC93cC1jb250ZW50XC91cGxvYWRzXC9zaXRlc1wvMTRcLzIwMjVcLzA0XC9BQkVULUxBTUlOQVRJX0FMRVNTSV9USEUtTEFTVC1QT1RfU0VULVVQX3BoLi1NYXR0ZW8tQmVsbG9tb18wMS5qcGciLCJzbGlkZXNob3ciOiJlNDYzMzFmIn0%3D\">\n\t\t\t\t\t<div class=\"e-gallery-image elementor-gallery-item__image\" data-thumbnail=\"https:\/\/ch.abetlaminati.com\/wp-content\/uploads\/sites\/14\/2025\/04\/ABET-LAMINATI_ALESSI_THE-LAST-POT_SET-UP_ph.-Matteo-Bellomo_01-200x300.jpg\" data-width=\"200\" data-height=\"300\" aria-label=\"\" role=\"img\" ><\/div>\n\t\t\t\t\t\t\t\t\t\t\t<div class=\"elementor-gallery-item__overlay\"><\/div>\n\t\t\t\t\t\t\t\t\t\t\t\t\t\t<\/a>\n\t\t\t\t\t\t\t<a class=\"e-gallery-item elementor-gallery-item elementor-animated-content\" href=\"https:\/\/ch.abetlaminati.com\/wp-content\/uploads\/sites\/14\/2025\/04\/ABET-LAMINATI_MDW25-Artesanos-1.jpg\" data-elementor-open-lightbox=\"yes\" data-elementor-lightbox-slideshow=\"e46331f\" data-elementor-lightbox-title=\"ABET-LAMINATI_MDW25 - Artesanos-1\" data-e-action-hash=\"#elementor-action%3Aaction%3Dlightbox%26settings%3DeyJpZCI6MTAxNzgsInVybCI6Imh0dHBzOlwvXC9jaC5hYmV0bGFtaW5hdGkuY29tXC93cC1jb250ZW50XC91cGxvYWRzXC9zaXRlc1wvMTRcLzIwMjVcLzA0XC9BQkVULUxBTUlOQVRJX01EVzI1LUFydGVzYW5vcy0xLmpwZyIsInNsaWRlc2hvdyI6ImU0NjMzMWYifQ%3D%3D\">\n\t\t\t\t\t<div class=\"e-gallery-image elementor-gallery-item__image\" data-thumbnail=\"https:\/\/ch.abetlaminati.com\/wp-content\/uploads\/sites\/14\/2025\/04\/ABET-LAMINATI_MDW25-Artesanos-1-300x200.jpg\" data-width=\"300\" data-height=\"200\" aria-label=\"\" role=\"img\" ><\/div>\n\t\t\t\t\t\t\t\t\t\t\t<div class=\"elementor-gallery-item__overlay\"><\/div>\n\t\t\t\t\t\t\t\t\t\t\t\t\t\t<\/a>\n\t\t\t\t\t\t\t<a class=\"e-gallery-item elementor-gallery-item elementor-animated-content\" href=\"https:\/\/ch.abetlaminati.com\/wp-content\/uploads\/sites\/14\/2025\/04\/ABET-LAMINATI_MDW25-Bulo-4.jpg\" data-elementor-open-lightbox=\"yes\" data-elementor-lightbox-slideshow=\"e46331f\" data-elementor-lightbox-title=\"ABET-LAMINATI_MDW25 - Bulo-4\" data-e-action-hash=\"#elementor-action%3Aaction%3Dlightbox%26settings%3DeyJpZCI6MTAxODEsInVybCI6Imh0dHBzOlwvXC9jaC5hYmV0bGFtaW5hdGkuY29tXC93cC1jb250ZW50XC91cGxvYWRzXC9zaXRlc1wvMTRcLzIwMjVcLzA0XC9BQkVULUxBTUlOQVRJX01EVzI1LUJ1bG8tNC5qcGciLCJzbGlkZXNob3ciOiJlNDYzMzFmIn0%3D\">\n\t\t\t\t\t<div class=\"e-gallery-image elementor-gallery-item__image\" data-thumbnail=\"https:\/\/ch.abetlaminati.com\/wp-content\/uploads\/sites\/14\/2025\/04\/ABET-LAMINATI_MDW25-Bulo-4-200x300.jpg\" data-width=\"200\" data-height=\"300\" aria-label=\"\" role=\"img\" ><\/div>\n\t\t\t\t\t\t\t\t\t\t\t<div class=\"elementor-gallery-item__overlay\"><\/div>\n\t\t\t\t\t\t\t\t\t\t\t\t\t\t<\/a>\n\t\t\t\t\t\t\t<a class=\"e-gallery-item elementor-gallery-item elementor-animated-content\" href=\"https:\/\/ch.abetlaminati.com\/wp-content\/uploads\/sites\/14\/2025\/04\/ABET-LAMINATI_MDW25-Fantoni-4.jpg\" data-elementor-open-lightbox=\"yes\" data-elementor-lightbox-slideshow=\"e46331f\" data-elementor-lightbox-title=\"ABET-LAMINATI_MDW25 - Fantoni-4\" data-e-action-hash=\"#elementor-action%3Aaction%3Dlightbox%26settings%3DeyJpZCI6MTAxODQsInVybCI6Imh0dHBzOlwvXC9jaC5hYmV0bGFtaW5hdGkuY29tXC93cC1jb250ZW50XC91cGxvYWRzXC9zaXRlc1wvMTRcLzIwMjVcLzA0XC9BQkVULUxBTUlOQVRJX01EVzI1LUZhbnRvbmktNC5qcGciLCJzbGlkZXNob3ciOiJlNDYzMzFmIn0%3D\">\n\t\t\t\t\t<div class=\"e-gallery-image elementor-gallery-item__image\" data-thumbnail=\"https:\/\/ch.abetlaminati.com\/wp-content\/uploads\/sites\/14\/2025\/04\/ABET-LAMINATI_MDW25-Fantoni-4-300x200.jpg\" data-width=\"300\" data-height=\"200\" aria-label=\"\" role=\"img\" ><\/div>\n\t\t\t\t\t\t\t\t\t\t\t<div class=\"elementor-gallery-item__overlay\"><\/div>\n\t\t\t\t\t\t\t\t\t\t\t\t\t\t<\/a>\n\t\t\t\t\t\t\t<a class=\"e-gallery-item elementor-gallery-item elementor-animated-content\" href=\"https:\/\/ch.abetlaminati.com\/wp-content\/uploads\/sites\/14\/2025\/04\/ABET-LAMINATI_MDW25-Gallotti@Radice-4.jpg\" data-elementor-open-lightbox=\"yes\" data-elementor-lightbox-slideshow=\"e46331f\" data-elementor-lightbox-title=\"ABET-LAMINATI_MDW25 - Gallotti@Radice-4\" data-e-action-hash=\"#elementor-action%3Aaction%3Dlightbox%26settings%3DeyJpZCI6MTAxODcsInVybCI6Imh0dHBzOlwvXC9jaC5hYmV0bGFtaW5hdGkuY29tXC93cC1jb250ZW50XC91cGxvYWRzXC9zaXRlc1wvMTRcLzIwMjVcLzA0XC9BQkVULUxBTUlOQVRJX01EVzI1LUdhbGxvdHRpQFJhZGljZS00LmpwZyIsInNsaWRlc2hvdyI6ImU0NjMzMWYifQ%3D%3D\">\n\t\t\t\t\t<div class=\"e-gallery-image elementor-gallery-item__image\" data-thumbnail=\"https:\/\/ch.abetlaminati.com\/wp-content\/uploads\/sites\/14\/2025\/04\/ABET-LAMINATI_MDW25-Gallotti@Radice-4-300x200.jpg\" data-width=\"300\" data-height=\"200\" aria-label=\"\" role=\"img\" ><\/div>\n\t\t\t\t\t\t\t\t\t\t\t<div class=\"elementor-gallery-item__overlay\"><\/div>\n\t\t\t\t\t\t\t\t\t\t\t\t\t\t<\/a>\n\t\t\t\t\t\t\t<a class=\"e-gallery-item elementor-gallery-item elementor-animated-content\" href=\"https:\/\/ch.abetlaminati.com\/wp-content\/uploads\/sites\/14\/2025\/04\/ABET-LAMINATI_MDW25-Gallotti@Radice-5.jpg\" data-elementor-open-lightbox=\"yes\" data-elementor-lightbox-slideshow=\"e46331f\" data-elementor-lightbox-title=\"ABET-LAMINATI_MDW25 - Gallotti@Radice-5\" data-e-action-hash=\"#elementor-action%3Aaction%3Dlightbox%26settings%3DeyJpZCI6MTAxOTAsInVybCI6Imh0dHBzOlwvXC9jaC5hYmV0bGFtaW5hdGkuY29tXC93cC1jb250ZW50XC91cGxvYWRzXC9zaXRlc1wvMTRcLzIwMjVcLzA0XC9BQkVULUxBTUlOQVRJX01EVzI1LUdhbGxvdHRpQFJhZGljZS01LmpwZyIsInNsaWRlc2hvdyI6ImU0NjMzMWYifQ%3D%3D\">\n\t\t\t\t\t<div class=\"e-gallery-image elementor-gallery-item__image\" data-thumbnail=\"https:\/\/ch.abetlaminati.com\/wp-content\/uploads\/sites\/14\/2025\/04\/ABET-LAMINATI_MDW25-Gallotti@Radice-5-200x300.jpg\" data-width=\"200\" data-height=\"300\" aria-label=\"\" role=\"img\" ><\/div>\n\t\t\t\t\t\t\t\t\t\t\t<div class=\"elementor-gallery-item__overlay\"><\/div>\n\t\t\t\t\t\t\t\t\t\t\t\t\t\t<\/a>\n\t\t\t\t\t\t\t<a class=\"e-gallery-item elementor-gallery-item elementor-animated-content\" href=\"https:\/\/ch.abetlaminati.com\/wp-content\/uploads\/sites\/14\/2025\/04\/ABET-LAMINATI_MDW25-Gallotti@Radice-8.jpg\" data-elementor-open-lightbox=\"yes\" data-elementor-lightbox-slideshow=\"e46331f\" data-elementor-lightbox-title=\"ABET-LAMINATI_MDW25 - Gallotti@Radice-8\" data-e-action-hash=\"#elementor-action%3Aaction%3Dlightbox%26settings%3DeyJpZCI6MTAxOTMsInVybCI6Imh0dHBzOlwvXC9jaC5hYmV0bGFtaW5hdGkuY29tXC93cC1jb250ZW50XC91cGxvYWRzXC9zaXRlc1wvMTRcLzIwMjVcLzA0XC9BQkVULUxBTUlOQVRJX01EVzI1LUdhbGxvdHRpQFJhZGljZS04LmpwZyIsInNsaWRlc2hvdyI6ImU0NjMzMWYifQ%3D%3D\">\n\t\t\t\t\t<div class=\"e-gallery-image elementor-gallery-item__image\" data-thumbnail=\"https:\/\/ch.abetlaminati.com\/wp-content\/uploads\/sites\/14\/2025\/04\/ABET-LAMINATI_MDW25-Gallotti@Radice-8-200x300.jpg\" data-width=\"200\" data-height=\"300\" aria-label=\"\" role=\"img\" ><\/div>\n\t\t\t\t\t\t\t\t\t\t\t<div class=\"elementor-gallery-item__overlay\"><\/div>\n\t\t\t\t\t\t\t\t\t\t\t\t\t\t<\/a>\n\t\t\t\t\t\t\t<a class=\"e-gallery-item elementor-gallery-item elementor-animated-content\" href=\"https:\/\/ch.abetlaminati.com\/wp-content\/uploads\/sites\/14\/2025\/04\/ABET-LAMINATI_MDW25_Lispi_2.jpg\" data-elementor-open-lightbox=\"yes\" data-elementor-lightbox-slideshow=\"e46331f\" data-elementor-lightbox-title=\"ABET-LAMINATI_MDW25_Lispi_2\" data-e-action-hash=\"#elementor-action%3Aaction%3Dlightbox%26settings%3DeyJpZCI6MTAxOTYsInVybCI6Imh0dHBzOlwvXC9jaC5hYmV0bGFtaW5hdGkuY29tXC93cC1jb250ZW50XC91cGxvYWRzXC9zaXRlc1wvMTRcLzIwMjVcLzA0XC9BQkVULUxBTUlOQVRJX01EVzI1X0xpc3BpXzIuanBnIiwic2xpZGVzaG93IjoiZTQ2MzMxZiJ9\">\n\t\t\t\t\t<div class=\"e-gallery-image elementor-gallery-item__image\" data-thumbnail=\"https:\/\/ch.abetlaminati.com\/wp-content\/uploads\/sites\/14\/2025\/04\/ABET-LAMINATI_MDW25_Lispi_2-240x300.jpg\" data-width=\"240\" data-height=\"300\" aria-label=\"\" role=\"img\" ><\/div>\n\t\t\t\t\t\t\t\t\t\t\t<div class=\"elementor-gallery-item__overlay\"><\/div>\n\t\t\t\t\t\t\t\t\t\t\t\t\t\t<\/a>\n\t\t\t\t\t\t\t<a class=\"e-gallery-item elementor-gallery-item elementor-animated-content\" href=\"https:\/\/ch.abetlaminati.com\/wp-content\/uploads\/sites\/14\/2025\/04\/ABET-LAMINATI_MDW25_Lispi_4.jpg\" data-elementor-open-lightbox=\"yes\" data-elementor-lightbox-slideshow=\"e46331f\" data-elementor-lightbox-title=\"ABET-LAMINATI_MDW25_Lispi_4\" data-e-action-hash=\"#elementor-action%3Aaction%3Dlightbox%26settings%3DeyJpZCI6MTAxOTksInVybCI6Imh0dHBzOlwvXC9jaC5hYmV0bGFtaW5hdGkuY29tXC93cC1jb250ZW50XC91cGxvYWRzXC9zaXRlc1wvMTRcLzIwMjVcLzA0XC9BQkVULUxBTUlOQVRJX01EVzI1X0xpc3BpXzQuanBnIiwic2xpZGVzaG93IjoiZTQ2MzMxZiJ9\">\n\t\t\t\t\t<div class=\"e-gallery-image elementor-gallery-item__image\" data-thumbnail=\"https:\/\/ch.abetlaminati.com\/wp-content\/uploads\/sites\/14\/2025\/04\/ABET-LAMINATI_MDW25_Lispi_4-240x300.jpg\" data-width=\"240\" data-height=\"300\" aria-label=\"\" role=\"img\" ><\/div>\n\t\t\t\t\t\t\t\t\t\t\t<div class=\"elementor-gallery-item__overlay\"><\/div>\n\t\t\t\t\t\t\t\t\t\t\t\t\t\t<\/a>\n\t\t\t\t\t\t\t<a class=\"e-gallery-item elementor-gallery-item elementor-animated-content\" href=\"https:\/\/ch.abetlaminati.com\/wp-content\/uploads\/sites\/14\/2025\/04\/ABET-LAMINATI_MDW25_Maria-Claire-Maison_7.jpg\" data-elementor-open-lightbox=\"yes\" data-elementor-lightbox-slideshow=\"e46331f\" data-elementor-lightbox-title=\"ABET-LAMINATI_MDW25_Maria-Claire-Maison_7\" data-e-action-hash=\"#elementor-action%3Aaction%3Dlightbox%26settings%3DeyJpZCI6MTAyMDIsInVybCI6Imh0dHBzOlwvXC9jaC5hYmV0bGFtaW5hdGkuY29tXC93cC1jb250ZW50XC91cGxvYWRzXC9zaXRlc1wvMTRcLzIwMjVcLzA0XC9BQkVULUxBTUlOQVRJX01EVzI1X01hcmlhLUNsYWlyZS1NYWlzb25fNy5qcGciLCJzbGlkZXNob3ciOiJlNDYzMzFmIn0%3D\">\n\t\t\t\t\t<div class=\"e-gallery-image elementor-gallery-item__image\" data-thumbnail=\"https:\/\/ch.abetlaminati.com\/wp-content\/uploads\/sites\/14\/2025\/04\/ABET-LAMINATI_MDW25_Maria-Claire-Maison_7-169x300.jpg\" data-width=\"169\" data-height=\"300\" aria-label=\"\" role=\"img\" ><\/div>\n\t\t\t\t\t\t\t\t\t\t\t<div class=\"elementor-gallery-item__overlay\"><\/div>\n\t\t\t\t\t\t\t\t\t\t\t\t\t\t<\/a>\n\t\t\t\t\t\t\t<a class=\"e-gallery-item elementor-gallery-item elementor-animated-content\" href=\"https:\/\/ch.abetlaminati.com\/wp-content\/uploads\/sites\/14\/2025\/04\/ABET-LAMINATI_MDW25_Maria-Claire-Maison_10.jpg\" data-elementor-open-lightbox=\"yes\" data-elementor-lightbox-slideshow=\"e46331f\" data-elementor-lightbox-title=\"ABET-LAMINATI_MDW25_Maria-Claire-Maison_10\" data-e-action-hash=\"#elementor-action%3Aaction%3Dlightbox%26settings%3DeyJpZCI6MTAyMDUsInVybCI6Imh0dHBzOlwvXC9jaC5hYmV0bGFtaW5hdGkuY29tXC93cC1jb250ZW50XC91cGxvYWRzXC9zaXRlc1wvMTRcLzIwMjVcLzA0XC9BQkVULUxBTUlOQVRJX01EVzI1X01hcmlhLUNsYWlyZS1NYWlzb25fMTAuanBnIiwic2xpZGVzaG93IjoiZTQ2MzMxZiJ9\">\n\t\t\t\t\t<div class=\"e-gallery-image elementor-gallery-item__image\" data-thumbnail=\"https:\/\/ch.abetlaminati.com\/wp-content\/uploads\/sites\/14\/2025\/04\/ABET-LAMINATI_MDW25_Maria-Claire-Maison_10-225x300.jpg\" data-width=\"225\" data-height=\"300\" aria-label=\"\" role=\"img\" ><\/div>\n\t\t\t\t\t\t\t\t\t\t\t<div class=\"elementor-gallery-item__overlay\"><\/div>\n\t\t\t\t\t\t\t\t\t\t\t\t\t\t<\/a>\n\t\t\t\t\t\t\t<a class=\"e-gallery-item elementor-gallery-item elementor-animated-content\" href=\"https:\/\/ch.abetlaminati.com\/wp-content\/uploads\/sites\/14\/2025\/04\/ABET-LAMINATI_MDW25_Memphis-7.jpg\" data-elementor-open-lightbox=\"yes\" data-elementor-lightbox-slideshow=\"e46331f\" data-elementor-lightbox-title=\"ABET-LAMINATI_MDW25_Memphis-7\" data-e-action-hash=\"#elementor-action%3Aaction%3Dlightbox%26settings%3DeyJpZCI6MTAyMDgsInVybCI6Imh0dHBzOlwvXC9jaC5hYmV0bGFtaW5hdGkuY29tXC93cC1jb250ZW50XC91cGxvYWRzXC9zaXRlc1wvMTRcLzIwMjVcLzA0XC9BQkVULUxBTUlOQVRJX01EVzI1X01lbXBoaXMtNy5qcGciLCJzbGlkZXNob3ciOiJlNDYzMzFmIn0%3D\">\n\t\t\t\t\t<div class=\"e-gallery-image elementor-gallery-item__image\" data-thumbnail=\"https:\/\/ch.abetlaminati.com\/wp-content\/uploads\/sites\/14\/2025\/04\/ABET-LAMINATI_MDW25_Memphis-7-200x300.jpg\" data-width=\"200\" data-height=\"300\" aria-label=\"\" role=\"img\" ><\/div>\n\t\t\t\t\t\t\t\t\t\t\t<div class=\"elementor-gallery-item__overlay\"><\/div>\n\t\t\t\t\t\t\t\t\t\t\t\t\t\t<\/a>\n\t\t\t\t\t\t\t<a class=\"e-gallery-item elementor-gallery-item elementor-animated-content\" href=\"https:\/\/ch.abetlaminati.com\/wp-content\/uploads\/sites\/14\/2025\/04\/ABET-LAMINATI_MDW25_PalazzoLitta_mvline_1.jpg\" data-elementor-open-lightbox=\"yes\" data-elementor-lightbox-slideshow=\"e46331f\" data-elementor-lightbox-title=\"ABET-LAMINATI_MDW25_PalazzoLitta_mvline_1\" data-e-action-hash=\"#elementor-action%3Aaction%3Dlightbox%26settings%3DeyJpZCI6MTAyMTEsInVybCI6Imh0dHBzOlwvXC9jaC5hYmV0bGFtaW5hdGkuY29tXC93cC1jb250ZW50XC91cGxvYWRzXC9zaXRlc1wvMTRcLzIwMjVcLzA0XC9BQkVULUxBTUlOQVRJX01EVzI1X1BhbGF6em9MaXR0YV9tdmxpbmVfMS5qcGciLCJzbGlkZXNob3ciOiJlNDYzMzFmIn0%3D\">\n\t\t\t\t\t<div class=\"e-gallery-image elementor-gallery-item__image\" data-thumbnail=\"https:\/\/ch.abetlaminati.com\/wp-content\/uploads\/sites\/14\/2025\/04\/ABET-LAMINATI_MDW25_PalazzoLitta_mvline_1-200x300.jpg\" data-width=\"200\" data-height=\"300\" aria-label=\"\" role=\"img\" ><\/div>\n\t\t\t\t\t\t\t\t\t\t\t<div class=\"elementor-gallery-item__overlay\"><\/div>\n\t\t\t\t\t\t\t\t\t\t\t\t\t\t<\/a>\n\t\t\t\t\t\t\t<a class=\"e-gallery-item elementor-gallery-item elementor-animated-content\" href=\"https:\/\/ch.abetlaminati.com\/wp-content\/uploads\/sites\/14\/2025\/04\/ABET-LAMINATI_MDW25_PalazzoLitta_mvline_4.jpg\" data-elementor-open-lightbox=\"yes\" data-elementor-lightbox-slideshow=\"e46331f\" data-elementor-lightbox-title=\"ABET-LAMINATI_MDW25_PalazzoLitta_mvline_4\" data-e-action-hash=\"#elementor-action%3Aaction%3Dlightbox%26settings%3DeyJpZCI6MTAyMTQsInVybCI6Imh0dHBzOlwvXC9jaC5hYmV0bGFtaW5hdGkuY29tXC93cC1jb250ZW50XC91cGxvYWRzXC9zaXRlc1wvMTRcLzIwMjVcLzA0XC9BQkVULUxBTUlOQVRJX01EVzI1X1BhbGF6em9MaXR0YV9tdmxpbmVfNC5qcGciLCJzbGlkZXNob3ciOiJlNDYzMzFmIn0%3D\">\n\t\t\t\t\t<div class=\"e-gallery-image elementor-gallery-item__image\" data-thumbnail=\"https:\/\/ch.abetlaminati.com\/wp-content\/uploads\/sites\/14\/2025\/04\/ABET-LAMINATI_MDW25_PalazzoLitta_mvline_4-200x300.jpg\" data-width=\"200\" data-height=\"300\" aria-label=\"\" role=\"img\" ><\/div>\n\t\t\t\t\t\t\t\t\t\t\t<div class=\"elementor-gallery-item__overlay\"><\/div>\n\t\t\t\t\t\t\t\t\t\t\t\t\t\t<\/a>\n\t\t\t\t\t\t\t<a class=\"e-gallery-item elementor-gallery-item elementor-animated-content\" href=\"https:\/\/ch.abetlaminati.com\/wp-content\/uploads\/sites\/14\/2025\/04\/ABET-LAMINATI_MDW25_Signature-Kitchen-Suite_Dual-Code-by-Elena-Salmistraro_ph-Andrea-Martiradonna_1.jpg\" data-elementor-open-lightbox=\"yes\" data-elementor-lightbox-slideshow=\"e46331f\" data-elementor-lightbox-title=\"ABET-LAMINATI_MDW25_Signature Kitchen Suite_Dual Code by Elena Salmistraro_ph Andrea Martiradonna_1\" data-e-action-hash=\"#elementor-action%3Aaction%3Dlightbox%26settings%3DeyJpZCI6MTAyMTcsInVybCI6Imh0dHBzOlwvXC9jaC5hYmV0bGFtaW5hdGkuY29tXC93cC1jb250ZW50XC91cGxvYWRzXC9zaXRlc1wvMTRcLzIwMjVcLzA0XC9BQkVULUxBTUlOQVRJX01EVzI1X1NpZ25hdHVyZS1LaXRjaGVuLVN1aXRlX0R1YWwtQ29kZS1ieS1FbGVuYS1TYWxtaXN0cmFyb19waC1BbmRyZWEtTWFydGlyYWRvbm5hXzEuanBnIiwic2xpZGVzaG93IjoiZTQ2MzMxZiJ9\">\n\t\t\t\t\t<div class=\"e-gallery-image elementor-gallery-item__image\" data-thumbnail=\"https:\/\/ch.abetlaminati.com\/wp-content\/uploads\/sites\/14\/2025\/04\/ABET-LAMINATI_MDW25_Signature-Kitchen-Suite_Dual-Code-by-Elena-Salmistraro_ph-Andrea-Martiradonna_1-215x300.jpg\" data-width=\"215\" data-height=\"300\" aria-label=\"\" role=\"img\" ><\/div>\n\t\t\t\t\t\t\t\t\t\t\t<div class=\"elementor-gallery-item__overlay\"><\/div>\n\t\t\t\t\t\t\t\t\t\t\t\t\t\t<\/a>\n\t\t\t\t\t\t\t<a class=\"e-gallery-item elementor-gallery-item elementor-animated-content\" href=\"https:\/\/ch.abetlaminati.com\/wp-content\/uploads\/sites\/14\/2025\/04\/ABET-LAMINATI_MDW25_Tortona-Rocks-11.jpg\" data-elementor-open-lightbox=\"yes\" data-elementor-lightbox-slideshow=\"e46331f\" data-elementor-lightbox-title=\"ABET-LAMINATI_MDW25_Tortona Rocks-11\" data-e-action-hash=\"#elementor-action%3Aaction%3Dlightbox%26settings%3DeyJpZCI6MTAyMjAsInVybCI6Imh0dHBzOlwvXC9jaC5hYmV0bGFtaW5hdGkuY29tXC93cC1jb250ZW50XC91cGxvYWRzXC9zaXRlc1wvMTRcLzIwMjVcLzA0XC9BQkVULUxBTUlOQVRJX01EVzI1X1RvcnRvbmEtUm9ja3MtMTEuanBnIiwic2xpZGVzaG93IjoiZTQ2MzMxZiJ9\">\n\t\t\t\t\t<div class=\"e-gallery-image elementor-gallery-item__image\" data-thumbnail=\"https:\/\/ch.abetlaminati.com\/wp-content\/uploads\/sites\/14\/2025\/04\/ABET-LAMINATI_MDW25_Tortona-Rocks-11-169x300.jpg\" data-width=\"169\" data-height=\"300\" aria-label=\"\" role=\"img\" ><\/div>\n\t\t\t\t\t\t\t\t\t\t\t<div class=\"elementor-gallery-item__overlay\"><\/div>\n\t\t\t\t\t\t\t\t\t\t\t\t\t\t<\/a>\n\t\t\t\t\t\t\t<a class=\"e-gallery-item elementor-gallery-item elementor-animated-content\" href=\"https:\/\/ch.abetlaminati.com\/wp-content\/uploads\/sites\/14\/2025\/04\/ABET-LAMINATI_MDW25_Tortona-Rocks-6.jpg\" data-elementor-open-lightbox=\"yes\" data-elementor-lightbox-slideshow=\"e46331f\" data-elementor-lightbox-title=\"ABET-LAMINATI_MDW25_Tortona Rocks-6\" data-e-action-hash=\"#elementor-action%3Aaction%3Dlightbox%26settings%3DeyJpZCI6MTAyMjMsInVybCI6Imh0dHBzOlwvXC9jaC5hYmV0bGFtaW5hdGkuY29tXC93cC1jb250ZW50XC91cGxvYWRzXC9zaXRlc1wvMTRcLzIwMjVcLzA0XC9BQkVULUxBTUlOQVRJX01EVzI1X1RvcnRvbmEtUm9ja3MtNi5qcGciLCJzbGlkZXNob3ciOiJlNDYzMzFmIn0%3D\">\n\t\t\t\t\t<div class=\"e-gallery-image elementor-gallery-item__image\" data-thumbnail=\"https:\/\/ch.abetlaminati.com\/wp-content\/uploads\/sites\/14\/2025\/04\/ABET-LAMINATI_MDW25_Tortona-Rocks-6-169x300.jpg\" data-width=\"169\" data-height=\"300\" aria-label=\"\" role=\"img\" ><\/div>\n\t\t\t\t\t\t\t\t\t\t\t<div class=\"elementor-gallery-item__overlay\"><\/div>\n\t\t\t\t\t\t\t\t\t\t\t\t\t\t<\/a>\n\t\t\t\t\t\t\t<a class=\"e-gallery-item elementor-gallery-item elementor-animated-content\" href=\"https:\/\/ch.abetlaminati.com\/wp-content\/uploads\/sites\/14\/2025\/04\/ABET-LAMINATI_MDW25_Twils_DSF9108.jpg\" data-elementor-open-lightbox=\"yes\" data-elementor-lightbox-slideshow=\"e46331f\" data-elementor-lightbox-title=\"ABET-LAMINATI_MDW25_Twils_DSF9108\" data-e-action-hash=\"#elementor-action%3Aaction%3Dlightbox%26settings%3DeyJpZCI6MTAyMjYsInVybCI6Imh0dHBzOlwvXC9jaC5hYmV0bGFtaW5hdGkuY29tXC93cC1jb250ZW50XC91cGxvYWRzXC9zaXRlc1wvMTRcLzIwMjVcLzA0XC9BQkVULUxBTUlOQVRJX01EVzI1X1R3aWxzX0RTRjkxMDguanBnIiwic2xpZGVzaG93IjoiZTQ2MzMxZiJ9\">\n\t\t\t\t\t<div class=\"e-gallery-image elementor-gallery-item__image\" data-thumbnail=\"https:\/\/ch.abetlaminati.com\/wp-content\/uploads\/sites\/14\/2025\/04\/ABET-LAMINATI_MDW25_Twils_DSF9108-225x300.jpg\" data-width=\"225\" data-height=\"300\" aria-label=\"\" role=\"img\" ><\/div>\n\t\t\t\t\t\t\t\t\t\t\t<div class=\"elementor-gallery-item__overlay\"><\/div>\n\t\t\t\t\t\t\t\t\t\t\t\t\t\t<\/a>\n\t\t\t\t\t\t\t<a class=\"e-gallery-item elementor-gallery-item elementor-animated-content\" href=\"https:\/\/ch.abetlaminati.com\/wp-content\/uploads\/sites\/14\/2025\/04\/ABET-LAMINATI_MDW25_Twils_RobertoDePellegrin_080425-5.jpg\" data-elementor-open-lightbox=\"yes\" data-elementor-lightbox-slideshow=\"e46331f\" data-elementor-lightbox-title=\"ABET-LAMINATI_MDW25_Twils_RobertoDePellegrin_080425-5\" data-e-action-hash=\"#elementor-action%3Aaction%3Dlightbox%26settings%3DeyJpZCI6MTAyMjksInVybCI6Imh0dHBzOlwvXC9jaC5hYmV0bGFtaW5hdGkuY29tXC93cC1jb250ZW50XC91cGxvYWRzXC9zaXRlc1wvMTRcLzIwMjVcLzA0XC9BQkVULUxBTUlOQVRJX01EVzI1X1R3aWxzX1JvYmVydG9EZVBlbGxlZ3Jpbl8wODA0MjUtNS5qcGciLCJzbGlkZXNob3ciOiJlNDYzMzFmIn0%3D\">\n\t\t\t\t\t<div class=\"e-gallery-image elementor-gallery-item__image\" data-thumbnail=\"https:\/\/ch.abetlaminati.com\/wp-content\/uploads\/sites\/14\/2025\/04\/ABET-LAMINATI_MDW25_Twils_RobertoDePellegrin_080425-5-300x229.jpg\" data-width=\"300\" data-height=\"229\" aria-label=\"\" role=\"img\" ><\/div>\n\t\t\t\t\t\t\t\t\t\t\t<div class=\"elementor-gallery-item__overlay\"><\/div>\n\t\t\t\t\t\t\t\t\t\t\t\t\t\t<\/a>\n\t\t\t\t\t\t\t<a class=\"e-gallery-item elementor-gallery-item elementor-animated-content\" href=\"https:\/\/ch.abetlaminati.com\/wp-content\/uploads\/sites\/14\/2025\/04\/ABET-LAMINATI_MDW25_surfersden_9.jpg\" data-elementor-open-lightbox=\"yes\" data-elementor-lightbox-slideshow=\"e46331f\" data-elementor-lightbox-title=\"ABET-LAMINATI_MDW25_surfersden_9\" data-e-action-hash=\"#elementor-action%3Aaction%3Dlightbox%26settings%3DeyJpZCI6MTAyMzIsInVybCI6Imh0dHBzOlwvXC9jaC5hYmV0bGFtaW5hdGkuY29tXC93cC1jb250ZW50XC91cGxvYWRzXC9zaXRlc1wvMTRcLzIwMjVcLzA0XC9BQkVULUxBTUlOQVRJX01EVzI1X3N1cmZlcnNkZW5fOS5qcGciLCJzbGlkZXNob3ciOiJlNDYzMzFmIn0%3D\">\n\t\t\t\t\t<div class=\"e-gallery-image elementor-gallery-item__image\" data-thumbnail=\"https:\/\/ch.abetlaminati.com\/wp-content\/uploads\/sites\/14\/2025\/04\/ABET-LAMINATI_MDW25_surfersden_9-240x300.jpg\" data-width=\"240\" data-height=\"300\" aria-label=\"\" role=\"img\" ><\/div>\n\t\t\t\t\t\t\t\t\t\t\t<div class=\"elementor-gallery-item__overlay\"><\/div>\n\t\t\t\t\t\t\t\t\t\t\t\t\t\t<\/a>\n\t\t\t\t\t\t\t<a class=\"e-gallery-item elementor-gallery-item elementor-animated-content\" href=\"https:\/\/ch.abetlaminati.com\/wp-content\/uploads\/sites\/14\/2025\/04\/ABET-LAMINATI_MDW25_surfersden_8.jpg\" data-elementor-open-lightbox=\"yes\" data-elementor-lightbox-slideshow=\"e46331f\" data-elementor-lightbox-title=\"ABET-LAMINATI_MDW25_surfersden_8\" data-e-action-hash=\"#elementor-action%3Aaction%3Dlightbox%26settings%3DeyJpZCI6MTAyMzUsInVybCI6Imh0dHBzOlwvXC9jaC5hYmV0bGFtaW5hdGkuY29tXC93cC1jb250ZW50XC91cGxvYWRzXC9zaXRlc1wvMTRcLzIwMjVcLzA0XC9BQkVULUxBTUlOQVRJX01EVzI1X3N1cmZlcnNkZW5fOC5qcGciLCJzbGlkZXNob3ciOiJlNDYzMzFmIn0%3D\">\n\t\t\t\t\t<div class=\"e-gallery-image elementor-gallery-item__image\" data-thumbnail=\"https:\/\/ch.abetlaminati.com\/wp-content\/uploads\/sites\/14\/2025\/04\/ABET-LAMINATI_MDW25_surfersden_8-240x300.jpg\" data-width=\"240\" data-height=\"300\" aria-label=\"\" role=\"img\" ><\/div>\n\t\t\t\t\t\t\t\t\t\t\t<div class=\"elementor-gallery-item__overlay\"><\/div>\n\t\t\t\t\t\t\t\t\t\t\t\t\t\t<\/a>\n\t\t\t\t\t\t\t<a class=\"e-gallery-item elementor-gallery-item elementor-animated-content\" href=\"https:\/\/ch.abetlaminati.com\/wp-content\/uploads\/sites\/14\/2025\/04\/ABET-LAMINATI_MDW25_surfersden_7.jpg\" data-elementor-open-lightbox=\"yes\" data-elementor-lightbox-slideshow=\"e46331f\" data-elementor-lightbox-title=\"ABET-LAMINATI_MDW25_surfersden_7\" data-e-action-hash=\"#elementor-action%3Aaction%3Dlightbox%26settings%3DeyJpZCI6MTAyMzgsInVybCI6Imh0dHBzOlwvXC9jaC5hYmV0bGFtaW5hdGkuY29tXC93cC1jb250ZW50XC91cGxvYWRzXC9zaXRlc1wvMTRcLzIwMjVcLzA0XC9BQkVULUxBTUlOQVRJX01EVzI1X3N1cmZlcnNkZW5fNy5qcGciLCJzbGlkZXNob3ciOiJlNDYzMzFmIn0%3D\">\n\t\t\t\t\t<div class=\"e-gallery-image elementor-gallery-item__image\" data-thumbnail=\"https:\/\/ch.abetlaminati.com\/wp-content\/uploads\/sites\/14\/2025\/04\/ABET-LAMINATI_MDW25_surfersden_7-240x300.jpg\" data-width=\"240\" data-height=\"300\" aria-label=\"\" role=\"img\" ><\/div>\n\t\t\t\t\t\t\t\t\t\t\t<div class=\"elementor-gallery-item__overlay\"><\/div>\n\t\t\t\t\t\t\t\t\t\t\t\t\t\t<\/a>\n\t\t\t\t\t\t\t<a class=\"e-gallery-item elementor-gallery-item elementor-animated-content\" href=\"https:\/\/ch.abetlaminati.com\/wp-content\/uploads\/sites\/14\/2025\/04\/ABET-LAMINATI_MDW25_surfersden_2.jpg\" data-elementor-open-lightbox=\"yes\" data-elementor-lightbox-slideshow=\"e46331f\" data-elementor-lightbox-title=\"ABET-LAMINATI_MDW25_surfersden_2\" data-e-action-hash=\"#elementor-action%3Aaction%3Dlightbox%26settings%3DeyJpZCI6MTAyNDEsInVybCI6Imh0dHBzOlwvXC9jaC5hYmV0bGFtaW5hdGkuY29tXC93cC1jb250ZW50XC91cGxvYWRzXC9zaXRlc1wvMTRcLzIwMjVcLzA0XC9BQkVULUxBTUlOQVRJX01EVzI1X3N1cmZlcnNkZW5fMi5qcGciLCJzbGlkZXNob3ciOiJlNDYzMzFmIn0%3D\">\n\t\t\t\t\t<div class=\"e-gallery-image elementor-gallery-item__image\" data-thumbnail=\"https:\/\/ch.abetlaminati.com\/wp-content\/uploads\/sites\/14\/2025\/04\/ABET-LAMINATI_MDW25_surfersden_2-240x300.jpg\" data-width=\"240\" data-height=\"300\" aria-label=\"\" role=\"img\" ><\/div>\n\t\t\t\t\t\t\t\t\t\t\t<div class=\"elementor-gallery-item__overlay\"><\/div>\n\t\t\t\t\t\t\t\t\t\t\t\t\t\t<\/a>\n\t\t\t\t\t<\/div>\n\t\t\t\t\t<\/div>\n\t\t\t\t<\/div>\n\t\t\t\t<div class=\"elementor-element elementor-element-5451f803 elementor-share-buttons--view-icon elementor-share-buttons--skin-minimal elementor-share-buttons--shape-circle elementor-share-buttons--align-center elementor-share-buttons--color-custom elementor-grid-0 elementor-widget elementor-widget-share-buttons\" data-id=\"5451f803\" data-element_type=\"widget\" data-widget_type=\"share-buttons.default\">\n\t\t\t\t<div class=\"elementor-widget-container\">\n\t\t\t\t\t\t\t<div class=\"elementor-grid\" role=\"list\">\n\t\t\t\t\t\t\t\t<div class=\"elementor-grid-item\" role=\"listitem\">\n\t\t\t\t\t\t<div class=\"elementor-share-btn elementor-share-btn_twitter\" role=\"button\" tabindex=\"0\" aria-label=\"Teilen auf twitter\">\n\t\t\t\t\t\t\t\t\t\t\t\t\t\t\t<span class=\"elementor-share-btn__icon\">\n\t\t\t\t\t\t\t\t<i class=\"fab fa-twitter\" aria-hidden=\"true\"><\/i>\t\t\t\t\t\t\t<\/span>\n\t\t\t\t\t\t\t\t\t\t\t\t\t\t\t\t\t\t\t\t<\/div>\n\t\t\t\t\t<\/div>\n\t\t\t\t\t\t\t\t\t<div class=\"elementor-grid-item\" role=\"listitem\">\n\t\t\t\t\t\t<div class=\"elementor-share-btn elementor-share-btn_facebook\" role=\"button\" tabindex=\"0\" aria-label=\"Teilen auf facebook\">\n\t\t\t\t\t\t\t\t\t\t\t\t\t\t\t<span class=\"elementor-share-btn__icon\">\n\t\t\t\t\t\t\t\t<i class=\"fab fa-facebook\" aria-hidden=\"true\"><\/i>\t\t\t\t\t\t\t<\/span>\n\t\t\t\t\t\t\t\t\t\t\t\t\t\t\t\t\t\t\t\t<\/div>\n\t\t\t\t\t<\/div>\n\t\t\t\t\t\t\t\t\t<div class=\"elementor-grid-item\" role=\"listitem\">\n\t\t\t\t\t\t<div class=\"elementor-share-btn elementor-share-btn_linkedin\" role=\"button\" tabindex=\"0\" aria-label=\"Teilen auf linkedin\">\n\t\t\t\t\t\t\t\t\t\t\t\t\t\t\t<span class=\"elementor-share-btn__icon\">\n\t\t\t\t\t\t\t\t<i class=\"fab fa-linkedin\" aria-hidden=\"true\"><\/i>\t\t\t\t\t\t\t<\/span>\n\t\t\t\t\t\t\t\t\t\t\t\t\t\t\t\t\t\t\t\t<\/div>\n\t\t\t\t\t<\/div>\n\t\t\t\t\t\t\t\t\t<div class=\"elementor-grid-item\" role=\"listitem\">\n\t\t\t\t\t\t<div class=\"elementor-share-btn elementor-share-btn_pinterest\" role=\"button\" tabindex=\"0\" aria-label=\"Teilen auf pinterest\">\n\t\t\t\t\t\t\t\t\t\t\t\t\t\t\t<span class=\"elementor-share-btn__icon\">\n\t\t\t\t\t\t\t\t<i class=\"fab fa-pinterest\" aria-hidden=\"true\"><\/i>\t\t\t\t\t\t\t<\/span>\n\t\t\t\t\t\t\t\t\t\t\t\t\t\t\t\t\t\t\t\t<\/div>\n\t\t\t\t\t<\/div>\n\t\t\t\t\t\t<\/div>\n\t\t\t\t\t\t<\/div>\n\t\t\t\t<\/div>\n\t\t\t\t<div class=\"elementor-element elementor-element-1716d43d elementor-widget elementor-widget-post-navigation\" data-id=\"1716d43d\" data-element_type=\"widget\" data-widget_type=\"post-navigation.default\">\n\t\t\t\t<div class=\"elementor-widget-container\">\n\t\t\t\t\t\t\t<div class=\"elementor-post-navigation\" role=\"navigation\" aria-label=\"Beitrag Navigation\">\n\t\t\t<div class=\"elementor-post-navigation__prev elementor-post-navigation__link\">\n\t\t\t\t<a href=\"https:\/\/ch.abetlaminati.com\/de\/abet-laminati-auf-der-milan-design-week-2025\/\" rel=\"prev\"><span class=\"post-navigation__arrow-wrapper post-navigation__arrow-prev\"><i aria-hidden=\"true\" class=\"fas fa-caret-left\"><\/i><span class=\"elementor-screen-only\">Zur\u00fcck<\/span><\/span><span class=\"elementor-post-navigation__link__prev\"><span class=\"post-navigation__prev--label\">Previous<\/span><\/span><\/a>\t\t\t<\/div>\n\t\t\t\t\t\t<div class=\"elementor-post-navigation__next elementor-post-navigation__link\">\n\t\t\t\t<a href=\"https:\/\/ch.abetlaminati.com\/de\/die-meg-kollektion-von-abet-laminati-wird-um-neue-dekore-erweitert\/\" rel=\"next\"><span class=\"elementor-post-navigation__link__next\"><span class=\"post-navigation__next--label\">Next<\/span><\/span><span class=\"post-navigation__arrow-wrapper post-navigation__arrow-next\"><i aria-hidden=\"true\" class=\"fas fa-caret-right\"><\/i><span class=\"elementor-screen-only\">N\u00e4chster<\/span><\/span><\/a>\t\t\t<\/div>\n\t\t<\/div>\n\t\t\t\t\t\t<\/div>\n\t\t\t\t<\/div>\n\t\t\t\t\t<\/div>\n\t\t<\/div>\n\t\t\t\t\t<\/div>\n\t\t<\/section>\n\t\t\t\t<\/div>\n\t\t","protected":false},"excerpt":{"rendered":"<p>Die Teilnahme von Abet Laminati an der Mail\u00e4nder Designwoche 2025 endete mit gro\u00dfem Erfolg und best\u00e4tigte die Rolle des Unternehmens als Protagonist in der internationalen Designszene.<\/p>\n","protected":false},"author":1,"featured_media":10250,"comment_status":"closed","ping_status":"closed","sticky":false,"template":"","format":"standard","meta":{"_acf_changed":false,"footnotes":""},"categories":[94],"tags":[],"class_list":["post-10326","post","type-post","status-publish","format-standard","has-post-thumbnail","hentry","category-news-de"],"acf":[],"yoast_head":"<!-- This site is optimized with the Yoast SEO plugin v25.7 - https:\/\/yoast.com\/wordpress\/plugins\/seo\/ -->\n<title>Gro\u00dfer Erfolg f\u00fcr Abet Laminati auf der Milan Design Week 2025 | Abet Laminati CH<\/title>\n<meta name=\"description\" content=\"Die Teilnahme von Abet Laminati an der Milan Design Week 2025 war gepr\u00e4gt von bedeutenden Partnerschaften und einer neuen Kollektion.\" \/>\n<meta name=\"robots\" content=\"index, follow, max-snippet:-1, max-image-preview:large, max-video-preview:-1\" \/>\n<link rel=\"canonical\" href=\"https:\/\/ch.abetlaminati.com\/de\/grosser-erfolg-fuer-abet-laminati-auf-der-milan-design-week-2025\/\" \/>\n<meta property=\"og:locale\" content=\"de_DE\" \/>\n<meta property=\"og:type\" content=\"article\" \/>\n<meta property=\"og:title\" content=\"Gro\u00dfer Erfolg f\u00fcr Abet Laminati auf der Milan Design Week 2025 | Abet Laminati CH\" \/>\n<meta property=\"og:description\" content=\"Die Teilnahme von Abet Laminati an der Milan Design Week 2025 war gepr\u00e4gt von bedeutenden Partnerschaften und einer neuen Kollektion.\" \/>\n<meta property=\"og:url\" content=\"https:\/\/ch.abetlaminati.com\/de\/grosser-erfolg-fuer-abet-laminati-auf-der-milan-design-week-2025\/\" \/>\n<meta property=\"og:site_name\" content=\"Abet Laminati CH\" \/>\n<meta property=\"article:publisher\" content=\"https:\/\/www.facebook.com\/AbetLaminati\" \/>\n<meta property=\"article:published_time\" content=\"2025-04-22T06:14:07+00:00\" \/>\n<meta property=\"article:modified_time\" content=\"2025-11-05T17:21:28+00:00\" \/>\n<meta property=\"og:image\" content=\"https:\/\/ch.abetlaminati.com\/wp-content\/uploads\/sites\/14\/2025\/04\/ABET_News_MDW25-Recap_Featured-Image.jpg\" \/>\n\t<meta property=\"og:image:width\" content=\"1000\" \/>\n\t<meta property=\"og:image:height\" content=\"1300\" \/>\n\t<meta property=\"og:image:type\" content=\"image\/jpeg\" \/>\n<meta name=\"author\" content=\"wk_admin\" \/>\n<meta name=\"twitter:card\" content=\"summary_large_image\" \/>\n<script type=\"application\/ld+json\" class=\"yoast-schema-graph\">{\"@context\":\"https:\/\/schema.org\",\"@graph\":[{\"@type\":\"WebPage\",\"@id\":\"https:\/\/ch.abetlaminati.com\/de\/grosser-erfolg-fuer-abet-laminati-auf-der-milan-design-week-2025\/\",\"url\":\"https:\/\/ch.abetlaminati.com\/de\/grosser-erfolg-fuer-abet-laminati-auf-der-milan-design-week-2025\/\",\"name\":\"Gro\u00dfer Erfolg f\u00fcr Abet Laminati auf der Milan Design Week 2025 | Abet Laminati CH\",\"isPartOf\":{\"@id\":\"https:\/\/ch.abetlaminati.com\/de\/#website\"},\"primaryImageOfPage\":{\"@id\":\"https:\/\/ch.abetlaminati.com\/de\/grosser-erfolg-fuer-abet-laminati-auf-der-milan-design-week-2025\/#primaryimage\"},\"image\":{\"@id\":\"https:\/\/ch.abetlaminati.com\/de\/grosser-erfolg-fuer-abet-laminati-auf-der-milan-design-week-2025\/#primaryimage\"},\"thumbnailUrl\":\"https:\/\/ch.abetlaminati.com\/wp-content\/uploads\/sites\/14\/2025\/04\/ABET_News_MDW25-Recap_Featured-Image.jpg\",\"datePublished\":\"2025-04-22T06:14:07+00:00\",\"dateModified\":\"2025-11-05T17:21:28+00:00\",\"author\":{\"@id\":\"https:\/\/ch.abetlaminati.com\/de\/#\/schema\/person\/03a07a60e9ea0711d16ecdae41f26c60\"},\"description\":\"Die Teilnahme von Abet Laminati an der Milan Design Week 2025 war gepr\u00e4gt von bedeutenden Partnerschaften und einer neuen Kollektion.\",\"breadcrumb\":{\"@id\":\"https:\/\/ch.abetlaminati.com\/de\/grosser-erfolg-fuer-abet-laminati-auf-der-milan-design-week-2025\/#breadcrumb\"},\"inLanguage\":\"de\",\"potentialAction\":[{\"@type\":\"ReadAction\",\"target\":[\"https:\/\/ch.abetlaminati.com\/de\/grosser-erfolg-fuer-abet-laminati-auf-der-milan-design-week-2025\/\"]}]},{\"@type\":\"ImageObject\",\"inLanguage\":\"de\",\"@id\":\"https:\/\/ch.abetlaminati.com\/de\/grosser-erfolg-fuer-abet-laminati-auf-der-milan-design-week-2025\/#primaryimage\",\"url\":\"https:\/\/ch.abetlaminati.com\/wp-content\/uploads\/sites\/14\/2025\/04\/ABET_News_MDW25-Recap_Featured-Image.jpg\",\"contentUrl\":\"https:\/\/ch.abetlaminati.com\/wp-content\/uploads\/sites\/14\/2025\/04\/ABET_News_MDW25-Recap_Featured-Image.jpg\",\"width\":1000,\"height\":1300},{\"@type\":\"BreadcrumbList\",\"@id\":\"https:\/\/ch.abetlaminati.com\/de\/grosser-erfolg-fuer-abet-laminati-auf-der-milan-design-week-2025\/#breadcrumb\",\"itemListElement\":[{\"@type\":\"ListItem\",\"position\":1,\"name\":\"Home\",\"item\":\"https:\/\/ch.abetlaminati.com\/it\/\"},{\"@type\":\"ListItem\",\"position\":2,\"name\":\"Gro\u00dfer Erfolg f\u00fcr Abet Laminati auf der Milan Design Week 2025\"}]},{\"@type\":\"WebSite\",\"@id\":\"https:\/\/ch.abetlaminati.com\/de\/#website\",\"url\":\"https:\/\/ch.abetlaminati.com\/de\/\",\"name\":\"Abet Laminati\",\"description\":\"\",\"potentialAction\":[{\"@type\":\"SearchAction\",\"target\":{\"@type\":\"EntryPoint\",\"urlTemplate\":\"https:\/\/ch.abetlaminati.com\/de\/?s={search_term_string}\"},\"query-input\":{\"@type\":\"PropertyValueSpecification\",\"valueRequired\":true,\"valueName\":\"search_term_string\"}}],\"inLanguage\":\"de\"},{\"@type\":\"Person\",\"@id\":\"https:\/\/ch.abetlaminati.com\/de\/#\/schema\/person\/03a07a60e9ea0711d16ecdae41f26c60\",\"name\":\"wk_admin\",\"sameAs\":[\"http:\/\/abetlaminati.com\"],\"url\":\"https:\/\/ch.abetlaminati.com\/de\/author\/wk_admin\/\"}]}<\/script>\n<!-- \/ Yoast SEO plugin. -->","yoast_head_json":{"title":"Gro\u00dfer Erfolg f\u00fcr Abet Laminati auf der Milan Design Week 2025 | Abet Laminati CH","description":"Die Teilnahme von Abet Laminati an der Milan Design Week 2025 war gepr\u00e4gt von bedeutenden Partnerschaften und einer neuen Kollektion.","robots":{"index":"index","follow":"follow","max-snippet":"max-snippet:-1","max-image-preview":"max-image-preview:large","max-video-preview":"max-video-preview:-1"},"canonical":"https:\/\/ch.abetlaminati.com\/de\/grosser-erfolg-fuer-abet-laminati-auf-der-milan-design-week-2025\/","og_locale":"de_DE","og_type":"article","og_title":"Gro\u00dfer Erfolg f\u00fcr Abet Laminati auf der Milan Design Week 2025 | Abet Laminati CH","og_description":"Die Teilnahme von Abet Laminati an der Milan Design Week 2025 war gepr\u00e4gt von bedeutenden Partnerschaften und einer neuen Kollektion.","og_url":"https:\/\/ch.abetlaminati.com\/de\/grosser-erfolg-fuer-abet-laminati-auf-der-milan-design-week-2025\/","og_site_name":"Abet Laminati CH","article_publisher":"https:\/\/www.facebook.com\/AbetLaminati","article_published_time":"2025-04-22T06:14:07+00:00","article_modified_time":"2025-11-05T17:21:28+00:00","og_image":[{"width":1000,"height":1300,"url":"https:\/\/ch.abetlaminati.com\/wp-content\/uploads\/sites\/14\/2025\/04\/ABET_News_MDW25-Recap_Featured-Image.jpg","type":"image\/jpeg"}],"author":"wk_admin","twitter_card":"summary_large_image","schema":{"@context":"https:\/\/schema.org","@graph":[{"@type":"WebPage","@id":"https:\/\/ch.abetlaminati.com\/de\/grosser-erfolg-fuer-abet-laminati-auf-der-milan-design-week-2025\/","url":"https:\/\/ch.abetlaminati.com\/de\/grosser-erfolg-fuer-abet-laminati-auf-der-milan-design-week-2025\/","name":"Gro\u00dfer Erfolg f\u00fcr Abet Laminati auf der Milan Design Week 2025 | Abet Laminati CH","isPartOf":{"@id":"https:\/\/ch.abetlaminati.com\/de\/#website"},"primaryImageOfPage":{"@id":"https:\/\/ch.abetlaminati.com\/de\/grosser-erfolg-fuer-abet-laminati-auf-der-milan-design-week-2025\/#primaryimage"},"image":{"@id":"https:\/\/ch.abetlaminati.com\/de\/grosser-erfolg-fuer-abet-laminati-auf-der-milan-design-week-2025\/#primaryimage"},"thumbnailUrl":"https:\/\/ch.abetlaminati.com\/wp-content\/uploads\/sites\/14\/2025\/04\/ABET_News_MDW25-Recap_Featured-Image.jpg","datePublished":"2025-04-22T06:14:07+00:00","dateModified":"2025-11-05T17:21:28+00:00","author":{"@id":"https:\/\/ch.abetlaminati.com\/de\/#\/schema\/person\/03a07a60e9ea0711d16ecdae41f26c60"},"description":"Die Teilnahme von Abet Laminati an der Milan Design Week 2025 war gepr\u00e4gt von bedeutenden Partnerschaften und einer neuen Kollektion.","breadcrumb":{"@id":"https:\/\/ch.abetlaminati.com\/de\/grosser-erfolg-fuer-abet-laminati-auf-der-milan-design-week-2025\/#breadcrumb"},"inLanguage":"de","potentialAction":[{"@type":"ReadAction","target":["https:\/\/ch.abetlaminati.com\/de\/grosser-erfolg-fuer-abet-laminati-auf-der-milan-design-week-2025\/"]}]},{"@type":"ImageObject","inLanguage":"de","@id":"https:\/\/ch.abetlaminati.com\/de\/grosser-erfolg-fuer-abet-laminati-auf-der-milan-design-week-2025\/#primaryimage","url":"https:\/\/ch.abetlaminati.com\/wp-content\/uploads\/sites\/14\/2025\/04\/ABET_News_MDW25-Recap_Featured-Image.jpg","contentUrl":"https:\/\/ch.abetlaminati.com\/wp-content\/uploads\/sites\/14\/2025\/04\/ABET_News_MDW25-Recap_Featured-Image.jpg","width":1000,"height":1300},{"@type":"BreadcrumbList","@id":"https:\/\/ch.abetlaminati.com\/de\/grosser-erfolg-fuer-abet-laminati-auf-der-milan-design-week-2025\/#breadcrumb","itemListElement":[{"@type":"ListItem","position":1,"name":"Home","item":"https:\/\/ch.abetlaminati.com\/it\/"},{"@type":"ListItem","position":2,"name":"Gro\u00dfer Erfolg f\u00fcr Abet Laminati auf der Milan Design Week 2025"}]},{"@type":"WebSite","@id":"https:\/\/ch.abetlaminati.com\/de\/#website","url":"https:\/\/ch.abetlaminati.com\/de\/","name":"Abet Laminati","description":"","potentialAction":[{"@type":"SearchAction","target":{"@type":"EntryPoint","urlTemplate":"https:\/\/ch.abetlaminati.com\/de\/?s={search_term_string}"},"query-input":{"@type":"PropertyValueSpecification","valueRequired":true,"valueName":"search_term_string"}}],"inLanguage":"de"},{"@type":"Person","@id":"https:\/\/ch.abetlaminati.com\/de\/#\/schema\/person\/03a07a60e9ea0711d16ecdae41f26c60","name":"wk_admin","sameAs":["http:\/\/abetlaminati.com"],"url":"https:\/\/ch.abetlaminati.com\/de\/author\/wk_admin\/"}]}},"_links":{"self":[{"href":"https:\/\/ch.abetlaminati.com\/de\/wp-json\/wp\/v2\/posts\/10326","targetHints":{"allow":["GET"]}}],"collection":[{"href":"https:\/\/ch.abetlaminati.com\/de\/wp-json\/wp\/v2\/posts"}],"about":[{"href":"https:\/\/ch.abetlaminati.com\/de\/wp-json\/wp\/v2\/types\/post"}],"author":[{"embeddable":true,"href":"https:\/\/ch.abetlaminati.com\/de\/wp-json\/wp\/v2\/users\/1"}],"replies":[{"embeddable":true,"href":"https:\/\/ch.abetlaminati.com\/de\/wp-json\/wp\/v2\/comments?post=10326"}],"version-history":[{"count":14,"href":"https:\/\/ch.abetlaminati.com\/de\/wp-json\/wp\/v2\/posts\/10326\/revisions"}],"predecessor-version":[{"id":10432,"href":"https:\/\/ch.abetlaminati.com\/de\/wp-json\/wp\/v2\/posts\/10326\/revisions\/10432"}],"wp:featuredmedia":[{"embeddable":true,"href":"https:\/\/ch.abetlaminati.com\/de\/wp-json\/wp\/v2\/media\/10250"}],"wp:attachment":[{"href":"https:\/\/ch.abetlaminati.com\/de\/wp-json\/wp\/v2\/media?parent=10326"}],"wp:term":[{"taxonomy":"category","embeddable":true,"href":"https:\/\/ch.abetlaminati.com\/de\/wp-json\/wp\/v2\/categories?post=10326"},{"taxonomy":"post_tag","embeddable":true,"href":"https:\/\/ch.abetlaminati.com\/de\/wp-json\/wp\/v2\/tags?post=10326"}],"curies":[{"name":"wp","href":"https:\/\/api.w.org\/{rel}","templated":true}]}}