{"id":11514,"date":"2025-09-24T16:27:09","date_gmt":"2025-09-24T14:27:09","guid":{"rendered":"https:\/\/ch.abetlaminati.com\/abet-laminati-auf-der-sicam-2025\/"},"modified":"2025-11-05T18:21:28","modified_gmt":"2025-11-05T17:21:28","slug":"abet-laminati-auf-der-sicam-2025","status":"publish","type":"post","link":"https:\/\/ch.abetlaminati.com\/de\/abet-laminati-auf-der-sicam-2025\/","title":{"rendered":"Abet Laminati auf der SICAM 2025"},"content":{"rendered":"\t\t<div data-elementor-type=\"wp-post\" data-elementor-id=\"11514\" class=\"elementor elementor-11514\" data-elementor-post-type=\"post\">\n\t\t\t\t\t\t<section class=\"elementor-section elementor-top-section elementor-element elementor-element-17bedc28 elementor-section-boxed elementor-section-height-default elementor-section-height-default\" data-id=\"17bedc28\" data-element_type=\"section\">\n\t\t\t\t\t\t<div class=\"elementor-container elementor-column-gap-default\">\n\t\t\t\t\t<div class=\"elementor-column elementor-col-100 elementor-top-column elementor-element elementor-element-5f1fd5a0\" data-id=\"5f1fd5a0\" data-element_type=\"column\">\n\t\t\t<div class=\"elementor-widget-wrap elementor-element-populated\">\n\t\t\t\t\t\t<div class=\"elementor-element elementor-element-303d942d elementor-widget elementor-widget-theme-post-featured-image elementor-widget-image\" data-id=\"303d942d\" data-element_type=\"widget\" data-widget_type=\"theme-post-featured-image.default\">\n\t\t\t\t<div class=\"elementor-widget-container\">\n\t\t\t\t\t\t\t\t\t\t\t\t\t\t\t<img fetchpriority=\"high\" decoding=\"async\" width=\"1000\" height=\"1300\" src=\"https:\/\/ch.abetlaminati.com\/wp-content\/uploads\/sites\/14\/2025\/09\/ABET_SICAM-2025_Img-Newsletter.jpg\" class=\"attachment-full size-full wp-image-11515\" alt=\"Abet at Sicam 2025\" srcset=\"https:\/\/ch.abetlaminati.com\/wp-content\/uploads\/sites\/14\/2025\/09\/ABET_SICAM-2025_Img-Newsletter.jpg 1000w, https:\/\/ch.abetlaminati.com\/wp-content\/uploads\/sites\/14\/2025\/09\/ABET_SICAM-2025_Img-Newsletter-231x300.jpg 231w, https:\/\/ch.abetlaminati.com\/wp-content\/uploads\/sites\/14\/2025\/09\/ABET_SICAM-2025_Img-Newsletter-788x1024.jpg 788w, https:\/\/ch.abetlaminati.com\/wp-content\/uploads\/sites\/14\/2025\/09\/ABET_SICAM-2025_Img-Newsletter-768x998.jpg 768w\" sizes=\"(max-width: 1000px) 100vw, 1000px\" \/>\t\t\t\t\t\t\t\t\t\t\t\t\t\t\t<\/div>\n\t\t\t\t<\/div>\n\t\t\t\t\t<\/div>\n\t\t<\/div>\n\t\t\t\t\t<\/div>\n\t\t<\/section>\n\t\t\t\t<section class=\"elementor-section elementor-top-section elementor-element elementor-element-29b96027 elementor-section-boxed elementor-section-height-default elementor-section-height-default\" data-id=\"29b96027\" data-element_type=\"section\">\n\t\t\t\t\t\t<div class=\"elementor-container elementor-column-gap-default\">\n\t\t\t\t\t<div class=\"elementor-column elementor-col-100 elementor-top-column elementor-element elementor-element-9a185b1\" data-id=\"9a185b1\" data-element_type=\"column\">\n\t\t\t<div class=\"elementor-widget-wrap elementor-element-populated\">\n\t\t\t\t\t\t<div class=\"elementor-element elementor-element-6386a725 elementor-widget elementor-widget-theme-post-title elementor-page-title elementor-widget-heading\" data-id=\"6386a725\" data-element_type=\"widget\" data-widget_type=\"theme-post-title.default\">\n\t\t\t\t<div class=\"elementor-widget-container\">\n\t\t\t\t\t<h1 class=\"elementor-heading-title elementor-size-default\">Abet Laminati auf der SICAM 2025<\/h1>\t\t\t\t<\/div>\n\t\t\t\t<\/div>\n\t\t\t\t<div class=\"elementor-element elementor-element-73ec04dd elementor-align-center elementor-widget elementor-widget-post-info\" data-id=\"73ec04dd\" data-element_type=\"widget\" data-widget_type=\"post-info.default\">\n\t\t\t\t<div class=\"elementor-widget-container\">\n\t\t\t\t\t\t\t<ul class=\"elementor-inline-items elementor-icon-list-items elementor-post-info\">\n\t\t\t\t\t\t\t\t<li class=\"elementor-icon-list-item elementor-repeater-item-72e5c62 elementor-inline-item\" itemprop=\"datePublished\">\n\t\t\t\t\t\t<a href=\"https:\/\/ch.abetlaminati.com\/de\/2025\/09\/24\/\">\n\t\t\t\t\t\t\t\t\t\t\t<span class=\"elementor-icon-list-icon\">\n\t\t\t\t\t\t\t\t<i aria-hidden=\"true\" class=\"fas fa-calendar\"><\/i>\t\t\t\t\t\t\t<\/span>\n\t\t\t\t\t\t\t\t\t<span class=\"elementor-icon-list-text elementor-post-info__item elementor-post-info__item--type-date\">\n\t\t\t\t\t\t\t\t\t\t<time>September 24, 2025<\/time>\t\t\t\t\t<\/span>\n\t\t\t\t\t\t\t\t\t<\/a>\n\t\t\t\t<\/li>\n\t\t\t\t<li class=\"elementor-icon-list-item elementor-repeater-item-4cb745f elementor-inline-item\" itemprop=\"about\">\n\t\t\t\t\t\t\t\t\t\t<span class=\"elementor-icon-list-icon\">\n\t\t\t\t\t\t\t\t<i aria-hidden=\"true\" class=\"fas fa-tags\"><\/i>\t\t\t\t\t\t\t<\/span>\n\t\t\t\t\t\t\t\t\t<span class=\"elementor-icon-list-text elementor-post-info__item elementor-post-info__item--type-terms\">\n\t\t\t\t\t\t\t\t\t\t<span class=\"elementor-post-info__terms-list\">\n\t\t\t\t<a href=\"https:\/\/ch.abetlaminati.com\/de\/category\/news-de\/\" class=\"elementor-post-info__terms-list-item\">News<\/a>\t\t\t\t<\/span>\n\t\t\t\t\t<\/span>\n\t\t\t\t\t\t\t\t<\/li>\n\t\t\t\t<\/ul>\n\t\t\t\t\t\t<\/div>\n\t\t\t\t<\/div>\n\t\t\t\t<div class=\"elementor-element elementor-element-5a2cbda3 elementor-widget elementor-widget-text-editor\" data-id=\"5a2cbda3\" data-element_type=\"widget\" data-widget_type=\"text-editor.default\">\n\t\t\t\t<div class=\"elementor-widget-container\">\n\t\t\t\t\t\t\t\t\t<p><b>Abet Laminati freut sich, seine Teilnahme an der SICAM<\/b>, Italiens f\u00fchrender internationaler Veranstaltung f\u00fcr M\u00f6bel- und Designbranche, die vom 14. bis 17. Oktober 2025 in Pordenone stattfindet, zu best\u00e4tigen.<\/p><p>Das Unternehmen pr\u00e4sentiert eine Reihe neuer Innovationen, darunter die <b>neuesten Erg\u00e4nzungen der Rocks-Kollektion<\/b> und eine elegante Capsule-Kollektion mit f\u00fcnf neuen Dekoren. Dar\u00fcber hinaus bietet Abet Laminati eine exklusive Vorschau auf die Oberfl\u00e4chen <b>Velwood und Polaris in Kombination mit ausgew\u00e4hlten Kernen<\/b>. Erg\u00e4nzt wird die Pr\u00e4sentation durch die Hachure-Kollektion des renommierten Designers Pierre Charpin.<\/p><p>Auf der SICAM 2025 pr\u00e4sentiert Abet Laminati eine <b>exklusive Capsule Collection mit f\u00fcnf neuen Dekoren<\/b>, die das Engagement der Marke f\u00fcr anspruchsvolle Materialit\u00e4t und Oberfl\u00e4cheninnovation unterstreichen. Die sorgf\u00e4ltig zusammengestellte Auswahl umfasst <b>drei elegante, von Onyx inspirierte Dekore<\/b> im edlen Polaris Contemporary-Finish sowie <b>zwei Steinoptik-Designs, inspiriert von klassischem Carrara-Marmor<\/b> im haptischen Papier-Finish \u2013 eine perfekte Balance zwischen optischer Eleganz und Materialtiefe.<\/p><p>Besucher erleben eine dynamische und immersive Installation, die die Essenz der Oberfl\u00e4chen von Abet Laminati zum Ausdruck bringt. Zu den Highlights z\u00e4hlt S<b>tratificato in der strukturierten Velwood-Ausf\u00fchrung<\/b>, hergestellt mit <b>einem Re-Abet-Kern<\/b> aus 100 % recyceltem Kraftpapier \u2013 ein Beleg f\u00fcr das Engagement des Unternehmens f\u00fcr Nachhaltigkeit. Ebenfalls zu sehen ist <b>Polaris mit einem Full Colour-Kern<\/b>, bei dem die dekorative Oberfl\u00e4che nahtlos mit dem Inneren der Platte verschmilzt und so raffinierte Tonharmonien oder markante Farbkontraste erzeugt.<\/p><p>Ein besonderes Highlight des Standes ist eine spezielle Wand, auf der die <b>Hachure-Kollektion des renommierten Designers Pierre Charpin<\/b>, Teil der Abet Laminati Design Edition, pr\u00e4sentiert wird. Diese ausdrucksstarke Serie zelebriert das Zusammenspiel von Linien und Texturen und verk\u00f6rpert eine Geschichte von Kreativit\u00e4t, Innovation und herausragendem Design.<\/p><p>Abet Laminati l\u00e4dt alle Besucher ein, <b>Halle 6 \u2013 Stand B18\/C19<\/b> zu besuchen und eine inspirierende Reise durch Materialien, Farben und Oberfl\u00e4chen zu unternehmen \u2013 und damit erneut die einzigartige F\u00e4higkeit der Marke unter Beweis zu stellen, Funktionalit\u00e4t mit \u00e4sthetischer Raffinesse zu verbinden.<\/p>\t\t\t\t\t\t\t\t<\/div>\n\t\t\t\t<\/div>\n\t\t\t\t<div class=\"elementor-element elementor-element-645de6c6 elementor-share-buttons--view-icon elementor-share-buttons--skin-minimal elementor-share-buttons--shape-circle elementor-share-buttons--align-center elementor-share-buttons--color-custom elementor-grid-0 elementor-widget elementor-widget-share-buttons\" data-id=\"645de6c6\" data-element_type=\"widget\" data-widget_type=\"share-buttons.default\">\n\t\t\t\t<div class=\"elementor-widget-container\">\n\t\t\t\t\t\t\t<div class=\"elementor-grid\" role=\"list\">\n\t\t\t\t\t\t\t\t<div class=\"elementor-grid-item\" role=\"listitem\">\n\t\t\t\t\t\t<div class=\"elementor-share-btn elementor-share-btn_twitter\" role=\"button\" tabindex=\"0\" aria-label=\"Teilen auf twitter\">\n\t\t\t\t\t\t\t\t\t\t\t\t\t\t\t<span class=\"elementor-share-btn__icon\">\n\t\t\t\t\t\t\t\t<i class=\"fab fa-twitter\" aria-hidden=\"true\"><\/i>\t\t\t\t\t\t\t<\/span>\n\t\t\t\t\t\t\t\t\t\t\t\t\t\t\t\t\t\t\t\t<\/div>\n\t\t\t\t\t<\/div>\n\t\t\t\t\t\t\t\t\t<div class=\"elementor-grid-item\" role=\"listitem\">\n\t\t\t\t\t\t<div class=\"elementor-share-btn elementor-share-btn_facebook\" role=\"button\" tabindex=\"0\" aria-label=\"Teilen auf facebook\">\n\t\t\t\t\t\t\t\t\t\t\t\t\t\t\t<span class=\"elementor-share-btn__icon\">\n\t\t\t\t\t\t\t\t<i class=\"fab fa-facebook\" aria-hidden=\"true\"><\/i>\t\t\t\t\t\t\t<\/span>\n\t\t\t\t\t\t\t\t\t\t\t\t\t\t\t\t\t\t\t\t<\/div>\n\t\t\t\t\t<\/div>\n\t\t\t\t\t\t\t\t\t<div class=\"elementor-grid-item\" role=\"listitem\">\n\t\t\t\t\t\t<div class=\"elementor-share-btn elementor-share-btn_linkedin\" role=\"button\" tabindex=\"0\" aria-label=\"Teilen auf linkedin\">\n\t\t\t\t\t\t\t\t\t\t\t\t\t\t\t<span class=\"elementor-share-btn__icon\">\n\t\t\t\t\t\t\t\t<i class=\"fab fa-linkedin\" aria-hidden=\"true\"><\/i>\t\t\t\t\t\t\t<\/span>\n\t\t\t\t\t\t\t\t\t\t\t\t\t\t\t\t\t\t\t\t<\/div>\n\t\t\t\t\t<\/div>\n\t\t\t\t\t\t\t\t\t<div class=\"elementor-grid-item\" role=\"listitem\">\n\t\t\t\t\t\t<div class=\"elementor-share-btn elementor-share-btn_pinterest\" role=\"button\" tabindex=\"0\" aria-label=\"Teilen auf pinterest\">\n\t\t\t\t\t\t\t\t\t\t\t\t\t\t\t<span class=\"elementor-share-btn__icon\">\n\t\t\t\t\t\t\t\t<i class=\"fab fa-pinterest\" aria-hidden=\"true\"><\/i>\t\t\t\t\t\t\t<\/span>\n\t\t\t\t\t\t\t\t\t\t\t\t\t\t\t\t\t\t\t\t<\/div>\n\t\t\t\t\t<\/div>\n\t\t\t\t\t\t<\/div>\n\t\t\t\t\t\t<\/div>\n\t\t\t\t<\/div>\n\t\t\t\t<div class=\"elementor-element elementor-element-382c5bc elementor-widget elementor-widget-post-navigation\" data-id=\"382c5bc\" data-element_type=\"widget\" data-widget_type=\"post-navigation.default\">\n\t\t\t\t<div class=\"elementor-widget-container\">\n\t\t\t\t\t\t\t<div class=\"elementor-post-navigation\" role=\"navigation\" aria-label=\"Beitrag Navigation\">\n\t\t\t<div class=\"elementor-post-navigation__prev elementor-post-navigation__link\">\n\t\t\t\t<a href=\"https:\/\/ch.abetlaminati.com\/de\/die-meg-kollektion-von-abet-laminati-wird-um-neue-dekore-erweitert\/\" rel=\"prev\"><span class=\"post-navigation__arrow-wrapper post-navigation__arrow-prev\"><i aria-hidden=\"true\" class=\"fas fa-caret-left\"><\/i><span class=\"elementor-screen-only\">Zur\u00fcck<\/span><\/span><span class=\"elementor-post-navigation__link__prev\"><span class=\"post-navigation__prev--label\">Previous<\/span><\/span><\/a>\t\t\t<\/div>\n\t\t\t\t\t\t<div class=\"elementor-post-navigation__next elementor-post-navigation__link\">\n\t\t\t\t<a href=\"https:\/\/ch.abetlaminati.com\/de\/landing-sicam-2025\/\" rel=\"next\"><span class=\"elementor-post-navigation__link__next\"><span class=\"post-navigation__next--label\">Next<\/span><\/span><span class=\"post-navigation__arrow-wrapper post-navigation__arrow-next\"><i aria-hidden=\"true\" class=\"fas fa-caret-right\"><\/i><span class=\"elementor-screen-only\">N\u00e4chster<\/span><\/span><\/a>\t\t\t<\/div>\n\t\t<\/div>\n\t\t\t\t\t\t<\/div>\n\t\t\t\t<\/div>\n\t\t\t\t\t<\/div>\n\t\t<\/div>\n\t\t\t\t\t<\/div>\n\t\t<\/section>\n\t\t\t\t<\/div>\n\t\t","protected":false},"excerpt":{"rendered":"<p>Abet Laminati freut sich, seine Teilnahme an der SICAM, Italiens f\u00fchrender internationaler Veranstaltung f\u00fcr M\u00f6bel- und Designbranche, die vom 14. bis 17. Oktober 2025 in Pordenone stattfindet, zu best\u00e4tigen. Das Unternehmen pr\u00e4sentiert eine Reihe neuer Innovationen, darunter die neuesten Erg\u00e4nzungen der Rocks-Kollektion und eine elegante Capsule-Kollektion mit f\u00fcnf neuen Dekoren. Dar\u00fcber hinaus bietet Abet Laminati [&hellip;]<\/p>\n","protected":false},"author":101,"featured_media":11515,"comment_status":"closed","ping_status":"closed","sticky":false,"template":"","format":"standard","meta":{"_acf_changed":false,"footnotes":""},"categories":[94],"tags":[],"class_list":["post-11514","post","type-post","status-publish","format-standard","has-post-thumbnail","hentry","category-news-de"],"acf":[],"yoast_head":"<!-- This site is optimized with the Yoast SEO plugin v25.7 - https:\/\/yoast.com\/wordpress\/plugins\/seo\/ -->\n<title>Abet Laminati auf der SICAM 2025 | Abet Laminati CH<\/title>\n<meta name=\"description\" content=\"Abet Laminati auf der SICAM 2025: neue Rocks-Dekore, eine exklusive Kapselkollektion und die Kollektion \u201aHachure\u2018 von Pierre Charpin.\" \/>\n<meta name=\"robots\" content=\"index, follow, max-snippet:-1, max-image-preview:large, max-video-preview:-1\" \/>\n<link rel=\"canonical\" href=\"https:\/\/ch.abetlaminati.com\/de\/abet-laminati-auf-der-sicam-2025\/\" \/>\n<meta property=\"og:locale\" content=\"de_DE\" \/>\n<meta property=\"og:type\" content=\"article\" \/>\n<meta property=\"og:title\" content=\"Abet Laminati auf der SICAM 2025 | Abet Laminati CH\" \/>\n<meta property=\"og:description\" content=\"Abet Laminati auf der SICAM 2025: neue Rocks-Dekore, eine exklusive Kapselkollektion und die Kollektion \u201aHachure\u2018 von Pierre Charpin.\" \/>\n<meta property=\"og:url\" content=\"https:\/\/ch.abetlaminati.com\/de\/abet-laminati-auf-der-sicam-2025\/\" \/>\n<meta property=\"og:site_name\" content=\"Abet Laminati CH\" \/>\n<meta property=\"article:publisher\" content=\"https:\/\/www.facebook.com\/AbetLaminati\" \/>\n<meta property=\"article:published_time\" content=\"2025-09-24T14:27:09+00:00\" \/>\n<meta property=\"article:modified_time\" content=\"2025-11-05T17:21:28+00:00\" \/>\n<meta property=\"og:image\" content=\"https:\/\/ch.abetlaminati.com\/wp-content\/uploads\/sites\/14\/2025\/09\/ABET_SICAM-2025_Img-Newsletter.jpg\" \/>\n\t<meta property=\"og:image:width\" content=\"1000\" \/>\n\t<meta property=\"og:image:height\" content=\"1300\" \/>\n\t<meta property=\"og:image:type\" content=\"image\/jpeg\" \/>\n<meta name=\"author\" content=\"wk_lorenzo\" \/>\n<meta name=\"twitter:card\" content=\"summary_large_image\" \/>\n<script type=\"application\/ld+json\" class=\"yoast-schema-graph\">{\"@context\":\"https:\/\/schema.org\",\"@graph\":[{\"@type\":\"WebPage\",\"@id\":\"https:\/\/ch.abetlaminati.com\/de\/abet-laminati-auf-der-sicam-2025\/\",\"url\":\"https:\/\/ch.abetlaminati.com\/de\/abet-laminati-auf-der-sicam-2025\/\",\"name\":\"Abet Laminati auf der SICAM 2025 | Abet Laminati CH\",\"isPartOf\":{\"@id\":\"https:\/\/ch.abetlaminati.com\/de\/#website\"},\"primaryImageOfPage\":{\"@id\":\"https:\/\/ch.abetlaminati.com\/de\/abet-laminati-auf-der-sicam-2025\/#primaryimage\"},\"image\":{\"@id\":\"https:\/\/ch.abetlaminati.com\/de\/abet-laminati-auf-der-sicam-2025\/#primaryimage\"},\"thumbnailUrl\":\"https:\/\/ch.abetlaminati.com\/wp-content\/uploads\/sites\/14\/2025\/09\/ABET_SICAM-2025_Img-Newsletter.jpg\",\"datePublished\":\"2025-09-24T14:27:09+00:00\",\"dateModified\":\"2025-11-05T17:21:28+00:00\",\"author\":{\"@id\":\"https:\/\/ch.abetlaminati.com\/de\/#\/schema\/person\/09f8ec64a329efe6433a053cb8938c88\"},\"description\":\"Abet Laminati auf der SICAM 2025: neue Rocks-Dekore, eine exklusive Kapselkollektion und die Kollektion \u201aHachure\u2018 von Pierre Charpin.\",\"breadcrumb\":{\"@id\":\"https:\/\/ch.abetlaminati.com\/de\/abet-laminati-auf-der-sicam-2025\/#breadcrumb\"},\"inLanguage\":\"de\",\"potentialAction\":[{\"@type\":\"ReadAction\",\"target\":[\"https:\/\/ch.abetlaminati.com\/de\/abet-laminati-auf-der-sicam-2025\/\"]}]},{\"@type\":\"ImageObject\",\"inLanguage\":\"de\",\"@id\":\"https:\/\/ch.abetlaminati.com\/de\/abet-laminati-auf-der-sicam-2025\/#primaryimage\",\"url\":\"https:\/\/ch.abetlaminati.com\/wp-content\/uploads\/sites\/14\/2025\/09\/ABET_SICAM-2025_Img-Newsletter.jpg\",\"contentUrl\":\"https:\/\/ch.abetlaminati.com\/wp-content\/uploads\/sites\/14\/2025\/09\/ABET_SICAM-2025_Img-Newsletter.jpg\",\"width\":1000,\"height\":1300,\"caption\":\"Abet at Sicam 2025\"},{\"@type\":\"BreadcrumbList\",\"@id\":\"https:\/\/ch.abetlaminati.com\/de\/abet-laminati-auf-der-sicam-2025\/#breadcrumb\",\"itemListElement\":[{\"@type\":\"ListItem\",\"position\":1,\"name\":\"Home\",\"item\":\"https:\/\/ch.abetlaminati.com\/it\/\"},{\"@type\":\"ListItem\",\"position\":2,\"name\":\"Abet Laminati auf der SICAM 2025\"}]},{\"@type\":\"WebSite\",\"@id\":\"https:\/\/ch.abetlaminati.com\/de\/#website\",\"url\":\"https:\/\/ch.abetlaminati.com\/de\/\",\"name\":\"Abet Laminati\",\"description\":\"\",\"potentialAction\":[{\"@type\":\"SearchAction\",\"target\":{\"@type\":\"EntryPoint\",\"urlTemplate\":\"https:\/\/ch.abetlaminati.com\/de\/?s={search_term_string}\"},\"query-input\":{\"@type\":\"PropertyValueSpecification\",\"valueRequired\":true,\"valueName\":\"search_term_string\"}}],\"inLanguage\":\"de\"},{\"@type\":\"Person\",\"@id\":\"https:\/\/ch.abetlaminati.com\/de\/#\/schema\/person\/09f8ec64a329efe6433a053cb8938c88\",\"name\":\"wk_lorenzo\",\"url\":\"https:\/\/ch.abetlaminati.com\/de\/author\/wklorenzo\/\"}]}<\/script>\n<!-- \/ Yoast SEO plugin. -->","yoast_head_json":{"title":"Abet Laminati auf der SICAM 2025 | Abet Laminati CH","description":"Abet Laminati auf der SICAM 2025: neue Rocks-Dekore, eine exklusive Kapselkollektion und die Kollektion \u201aHachure\u2018 von Pierre Charpin.","robots":{"index":"index","follow":"follow","max-snippet":"max-snippet:-1","max-image-preview":"max-image-preview:large","max-video-preview":"max-video-preview:-1"},"canonical":"https:\/\/ch.abetlaminati.com\/de\/abet-laminati-auf-der-sicam-2025\/","og_locale":"de_DE","og_type":"article","og_title":"Abet Laminati auf der SICAM 2025 | Abet Laminati CH","og_description":"Abet Laminati auf der SICAM 2025: neue Rocks-Dekore, eine exklusive Kapselkollektion und die Kollektion \u201aHachure\u2018 von Pierre Charpin.","og_url":"https:\/\/ch.abetlaminati.com\/de\/abet-laminati-auf-der-sicam-2025\/","og_site_name":"Abet Laminati CH","article_publisher":"https:\/\/www.facebook.com\/AbetLaminati","article_published_time":"2025-09-24T14:27:09+00:00","article_modified_time":"2025-11-05T17:21:28+00:00","og_image":[{"width":1000,"height":1300,"url":"https:\/\/ch.abetlaminati.com\/wp-content\/uploads\/sites\/14\/2025\/09\/ABET_SICAM-2025_Img-Newsletter.jpg","type":"image\/jpeg"}],"author":"wk_lorenzo","twitter_card":"summary_large_image","schema":{"@context":"https:\/\/schema.org","@graph":[{"@type":"WebPage","@id":"https:\/\/ch.abetlaminati.com\/de\/abet-laminati-auf-der-sicam-2025\/","url":"https:\/\/ch.abetlaminati.com\/de\/abet-laminati-auf-der-sicam-2025\/","name":"Abet Laminati auf der SICAM 2025 | Abet Laminati CH","isPartOf":{"@id":"https:\/\/ch.abetlaminati.com\/de\/#website"},"primaryImageOfPage":{"@id":"https:\/\/ch.abetlaminati.com\/de\/abet-laminati-auf-der-sicam-2025\/#primaryimage"},"image":{"@id":"https:\/\/ch.abetlaminati.com\/de\/abet-laminati-auf-der-sicam-2025\/#primaryimage"},"thumbnailUrl":"https:\/\/ch.abetlaminati.com\/wp-content\/uploads\/sites\/14\/2025\/09\/ABET_SICAM-2025_Img-Newsletter.jpg","datePublished":"2025-09-24T14:27:09+00:00","dateModified":"2025-11-05T17:21:28+00:00","author":{"@id":"https:\/\/ch.abetlaminati.com\/de\/#\/schema\/person\/09f8ec64a329efe6433a053cb8938c88"},"description":"Abet Laminati auf der SICAM 2025: neue Rocks-Dekore, eine exklusive Kapselkollektion und die Kollektion \u201aHachure\u2018 von Pierre Charpin.","breadcrumb":{"@id":"https:\/\/ch.abetlaminati.com\/de\/abet-laminati-auf-der-sicam-2025\/#breadcrumb"},"inLanguage":"de","potentialAction":[{"@type":"ReadAction","target":["https:\/\/ch.abetlaminati.com\/de\/abet-laminati-auf-der-sicam-2025\/"]}]},{"@type":"ImageObject","inLanguage":"de","@id":"https:\/\/ch.abetlaminati.com\/de\/abet-laminati-auf-der-sicam-2025\/#primaryimage","url":"https:\/\/ch.abetlaminati.com\/wp-content\/uploads\/sites\/14\/2025\/09\/ABET_SICAM-2025_Img-Newsletter.jpg","contentUrl":"https:\/\/ch.abetlaminati.com\/wp-content\/uploads\/sites\/14\/2025\/09\/ABET_SICAM-2025_Img-Newsletter.jpg","width":1000,"height":1300,"caption":"Abet at Sicam 2025"},{"@type":"BreadcrumbList","@id":"https:\/\/ch.abetlaminati.com\/de\/abet-laminati-auf-der-sicam-2025\/#breadcrumb","itemListElement":[{"@type":"ListItem","position":1,"name":"Home","item":"https:\/\/ch.abetlaminati.com\/it\/"},{"@type":"ListItem","position":2,"name":"Abet Laminati auf der SICAM 2025"}]},{"@type":"WebSite","@id":"https:\/\/ch.abetlaminati.com\/de\/#website","url":"https:\/\/ch.abetlaminati.com\/de\/","name":"Abet Laminati","description":"","potentialAction":[{"@type":"SearchAction","target":{"@type":"EntryPoint","urlTemplate":"https:\/\/ch.abetlaminati.com\/de\/?s={search_term_string}"},"query-input":{"@type":"PropertyValueSpecification","valueRequired":true,"valueName":"search_term_string"}}],"inLanguage":"de"},{"@type":"Person","@id":"https:\/\/ch.abetlaminati.com\/de\/#\/schema\/person\/09f8ec64a329efe6433a053cb8938c88","name":"wk_lorenzo","url":"https:\/\/ch.abetlaminati.com\/de\/author\/wklorenzo\/"}]}},"_links":{"self":[{"href":"https:\/\/ch.abetlaminati.com\/de\/wp-json\/wp\/v2\/posts\/11514","targetHints":{"allow":["GET"]}}],"collection":[{"href":"https:\/\/ch.abetlaminati.com\/de\/wp-json\/wp\/v2\/posts"}],"about":[{"href":"https:\/\/ch.abetlaminati.com\/de\/wp-json\/wp\/v2\/types\/post"}],"author":[{"embeddable":true,"href":"https:\/\/ch.abetlaminati.com\/de\/wp-json\/wp\/v2\/users\/101"}],"replies":[{"embeddable":true,"href":"https:\/\/ch.abetlaminati.com\/de\/wp-json\/wp\/v2\/comments?post=11514"}],"version-history":[{"count":1,"href":"https:\/\/ch.abetlaminati.com\/de\/wp-json\/wp\/v2\/posts\/11514\/revisions"}],"predecessor-version":[{"id":11543,"href":"https:\/\/ch.abetlaminati.com\/de\/wp-json\/wp\/v2\/posts\/11514\/revisions\/11543"}],"wp:featuredmedia":[{"embeddable":true,"href":"https:\/\/ch.abetlaminati.com\/de\/wp-json\/wp\/v2\/media\/11515"}],"wp:attachment":[{"href":"https:\/\/ch.abetlaminati.com\/de\/wp-json\/wp\/v2\/media?parent=11514"}],"wp:term":[{"taxonomy":"category","embeddable":true,"href":"https:\/\/ch.abetlaminati.com\/de\/wp-json\/wp\/v2\/categories?post=11514"},{"taxonomy":"post_tag","embeddable":true,"href":"https:\/\/ch.abetlaminati.com\/de\/wp-json\/wp\/v2\/tags?post=11514"}],"curies":[{"name":"wp","href":"https:\/\/api.w.org\/{rel}","templated":true}]}}