{"id":13039,"date":"2026-01-29T10:35:32","date_gmt":"2026-01-29T09:35:32","guid":{"rendered":"https:\/\/ch.abetlaminati.com\/?p=13039"},"modified":"2026-01-29T10:42:16","modified_gmt":"2026-01-29T09:42:16","slug":"weise-laminate-von-abet-wo-material-auf-licht-und-kreativitat-trifft","status":"publish","type":"post","link":"https:\/\/ch.abetlaminati.com\/de\/weise-laminate-von-abet-wo-material-auf-licht-und-kreativitat-trifft\/","title":{"rendered":"Wei\u00dfe Laminate von Abet: Wo Material auf Licht und Kreativit\u00e4t trifft"},"content":{"rendered":"\t\t<div data-elementor-type=\"wp-post\" data-elementor-id=\"13039\" class=\"elementor elementor-13039\" data-elementor-post-type=\"post\">\n\t\t\t\t\t\t<section class=\"elementor-section elementor-top-section elementor-element elementor-element-16cbc9e9 elementor-section-boxed elementor-section-height-default elementor-section-height-default\" data-id=\"16cbc9e9\" data-element_type=\"section\">\n\t\t\t\t\t\t<div class=\"elementor-container elementor-column-gap-default\">\n\t\t\t\t\t<div class=\"elementor-column elementor-col-100 elementor-top-column elementor-element elementor-element-228ba5c3\" data-id=\"228ba5c3\" data-element_type=\"column\">\n\t\t\t<div class=\"elementor-widget-wrap elementor-element-populated\">\n\t\t\t\t\t\t<div class=\"elementor-element elementor-element-7267100b elementor-widget elementor-widget-theme-post-featured-image elementor-widget-image\" data-id=\"7267100b\" data-element_type=\"widget\" data-widget_type=\"theme-post-featured-image.default\">\n\t\t\t\t<div class=\"elementor-widget-container\">\n\t\t\t\t\t\t\t\t\t\t\t\t\t\t\t<img fetchpriority=\"high\" decoding=\"async\" width=\"1000\" height=\"1300\" src=\"https:\/\/ch.abetlaminati.com\/wp-content\/uploads\/sites\/14\/2026\/01\/ABET_News_White-Laminated_Featured-Image-2.webp\" class=\"attachment-full size-full wp-image-13082\" alt=\"ABET_White-Laminated\" srcset=\"https:\/\/ch.abetlaminati.com\/wp-content\/uploads\/sites\/14\/2026\/01\/ABET_News_White-Laminated_Featured-Image-2.webp 1000w, https:\/\/ch.abetlaminati.com\/wp-content\/uploads\/sites\/14\/2026\/01\/ABET_News_White-Laminated_Featured-Image-2-231x300.webp 231w, https:\/\/ch.abetlaminati.com\/wp-content\/uploads\/sites\/14\/2026\/01\/ABET_News_White-Laminated_Featured-Image-2-788x1024.webp 788w, https:\/\/ch.abetlaminati.com\/wp-content\/uploads\/sites\/14\/2026\/01\/ABET_News_White-Laminated_Featured-Image-2-768x998.webp 768w\" sizes=\"(max-width: 1000px) 100vw, 1000px\" \/>\t\t\t\t\t\t\t\t\t\t\t\t\t\t\t<\/div>\n\t\t\t\t<\/div>\n\t\t\t\t\t<\/div>\n\t\t<\/div>\n\t\t\t\t\t<\/div>\n\t\t<\/section>\n\t\t\t\t<section class=\"elementor-section elementor-top-section elementor-element elementor-element-35761835 elementor-section-boxed elementor-section-height-default elementor-section-height-default\" data-id=\"35761835\" data-element_type=\"section\">\n\t\t\t\t\t\t<div class=\"elementor-container elementor-column-gap-default\">\n\t\t\t\t\t<div class=\"elementor-column elementor-col-100 elementor-top-column elementor-element elementor-element-6bf1bd23\" data-id=\"6bf1bd23\" data-element_type=\"column\">\n\t\t\t<div class=\"elementor-widget-wrap elementor-element-populated\">\n\t\t\t\t\t\t<div class=\"elementor-element elementor-element-c621838 elementor-widget elementor-widget-heading\" data-id=\"c621838\" data-element_type=\"widget\" data-widget_type=\"heading.default\">\n\t\t\t\t<div class=\"elementor-widget-container\">\n\t\t\t\t\t<h2 class=\"elementor-heading-title elementor-size-default\">Wei\u00dfe Laminate von Abet: Wo Material auf Licht und Kreativit\u00e4t trifft<\/h2>\t\t\t\t<\/div>\n\t\t\t\t<\/div>\n\t\t\t\t<div class=\"elementor-element elementor-element-695414c3 elementor-align-center elementor-widget elementor-widget-post-info\" data-id=\"695414c3\" data-element_type=\"widget\" data-widget_type=\"post-info.default\">\n\t\t\t\t<div class=\"elementor-widget-container\">\n\t\t\t\t\t\t\t<ul class=\"elementor-inline-items elementor-icon-list-items elementor-post-info\">\n\t\t\t\t\t\t\t\t<li class=\"elementor-icon-list-item elementor-repeater-item-72e5c62 elementor-inline-item\" itemprop=\"datePublished\">\n\t\t\t\t\t\t<a href=\"https:\/\/ch.abetlaminati.com\/de\/2026\/01\/29\/\">\n\t\t\t\t\t\t\t\t\t\t\t<span class=\"elementor-icon-list-icon\">\n\t\t\t\t\t\t\t\t<i aria-hidden=\"true\" class=\"fas fa-calendar\"><\/i>\t\t\t\t\t\t\t<\/span>\n\t\t\t\t\t\t\t\t\t<span class=\"elementor-icon-list-text elementor-post-info__item elementor-post-info__item--type-date\">\n\t\t\t\t\t\t\t\t\t\t<time>Januar 29, 2026<\/time>\t\t\t\t\t<\/span>\n\t\t\t\t\t\t\t\t\t<\/a>\n\t\t\t\t<\/li>\n\t\t\t\t<li class=\"elementor-icon-list-item elementor-repeater-item-4cb745f elementor-inline-item\" itemprop=\"about\">\n\t\t\t\t\t\t\t\t\t\t<span class=\"elementor-icon-list-icon\">\n\t\t\t\t\t\t\t\t<i aria-hidden=\"true\" class=\"fas fa-tags\"><\/i>\t\t\t\t\t\t\t<\/span>\n\t\t\t\t\t\t\t\t\t<span class=\"elementor-icon-list-text elementor-post-info__item elementor-post-info__item--type-terms\">\n\t\t\t\t\t\t\t\t\t\t<span class=\"elementor-post-info__terms-list\">\n\t\t\t\t<a href=\"https:\/\/ch.abetlaminati.com\/it\/category\/news\/\" class=\"elementor-post-info__terms-list-item\">News<\/a>\t\t\t\t<\/span>\n\t\t\t\t\t<\/span>\n\t\t\t\t\t\t\t\t<\/li>\n\t\t\t\t<\/ul>\n\t\t\t\t\t\t<\/div>\n\t\t\t\t<\/div>\n\t\t\t\t<div class=\"elementor-element elementor-element-3069769d elementor-widget elementor-widget-text-editor\" data-id=\"3069769d\" data-element_type=\"widget\" data-widget_type=\"text-editor.default\">\n\t\t\t\t<div class=\"elementor-widget-container\">\n\t\t\t\t\t\t\t\t\t<p><b>Pantone<\/b>\u00ae hat PANTONE 11-4201 Cloud Dancer zur <b>Farbe des Jahres 2026<\/b> <b>ernannt \u2013 ein \u00e4therischer, luftiger Wei\u00dfton<\/b>, der das wachsende Bed\u00fcrfnis nach Einfachheit, Ruhe und Wohlbefinden widerspiegelt. Eine Farbe, die f\u00fcr einen erneuerten mentalen Raum steht, in dem Kreativit\u00e4t freier flie\u00dfen kann und Licht zu einem pr\u00e4genden Element zeitgen\u00f6ssischer Innenraumgestaltung wird.<\/p><p>Innerhalb der Abet Laminati Kollektion findet diese Vision ihren nat\u00fcrlichen Ausdruck. <b>Unsere wei\u00dfen Laminate haben sich schon immer mit einer gro\u00dfen Vielfalt an Nuancen, Oberfl\u00e4chen und Tiefen<\/b> auseinandergesetzt und laden Designerinnen, Designer sowie Architektinnen und Architekten dazu ein, mit matten, gl\u00e4nzenden oder haptischen Finishes zu experimentieren \u2013 und Wei\u00df als lebendiges, dynamisches Material zu interpretieren. Von technisch reinen Wei\u00dft\u00f6nen bis hin zu w\u00e4rmeren, weicheren Varianten besitzt jedes Abet-Laminat eine eigene Identit\u00e4t und stellt stets Licht, Ausgewogenheit und die Qualit\u00e4t des Projekts in den Mittelpunkt.<\/p><p>Cloud Dancer ist nicht nur eine Farbe, sondern eine Einladung: innezuhalten, durchzuatmen und neue Perspektiven entstehen zu lassen.<br \/>Die wei\u00dfen Laminate von Abet verst\u00e4rken diese Vision und \u00fcbersetzen die Botschaft von Pantone\u00ae in Materialien, die bereit f\u00fcr Gestaltung sind.<\/p>\t\t\t\t\t\t\t\t<\/div>\n\t\t\t\t<\/div>\n\t\t\t\t<div class=\"elementor-element elementor-element-9d63fb1 elementor-widget elementor-widget-wk_collezione_campioni\" data-id=\"9d63fb1\" data-element_type=\"widget\" data-widget_type=\"wk_collezione_campioni.default\">\n\t\t\t\t<div class=\"elementor-widget-container\">\n\t\t\t\t\t        <ul class=\"grid_campionario grid_campionario_widget \">\n            \n    <li class=\"grid-item wk_campione   \" data-code-cache=\"411\" data-code=\"411\" data-title=\"411 - Bianco\" data-name=\"bianco\" data-collection=\"\"  data-available=\"1\" data-cover=\"411.jpg\">\n        <div class=\"wk_campione_cover\">\n            <div class=\"wk_campione_cover_bg lazy\" data-bg=\"https:\/\/ch.abetlaminati.com\/CAMPIONI\/411.jpg\" data-default=\"https:\/\/ch.abetlaminati.com\/CAMPIONI\/411.jpg\" style=\"background-image: url(https:\/\/ch.abetlaminati.com\/CAMPIONI\/411.jpg);\"><\/div>\n            <abet_campionario_wish_button codice=\"411\" nome=\"bianco\"><\/abet_campionario_wish_button>\n                    <\/div>\n\n        <div class=\"wk_campione_title\">\n            <span class=\"wk_campione__code\">411<\/span> <span class=\"wk_campione__name\">bianco<\/span>\n        <\/div>\n\n            <\/li>\n\n    <li class=\"grid-item wk_campione   \" data-code-cache=\"406\" data-code=\"406\" data-title=\"406 - BIANCO PRIMAVERA\" data-name=\"bianco primavera\" data-collection=\"\"  data-available=\"1\" data-cover=\"406.jpg\">\n        <div class=\"wk_campione_cover\">\n            <div class=\"wk_campione_cover_bg lazy\" data-bg=\"https:\/\/ch.abetlaminati.com\/CAMPIONI\/406.jpg\" data-default=\"https:\/\/ch.abetlaminati.com\/CAMPIONI\/406.jpg\" style=\"background-image: url(https:\/\/ch.abetlaminati.com\/CAMPIONI\/406.jpg);\"><\/div>\n            <abet_campionario_wish_button codice=\"406\" nome=\"bianco primavera\"><\/abet_campionario_wish_button>\n                    <\/div>\n\n        <div class=\"wk_campione_title\">\n            <span class=\"wk_campione__code\">406<\/span> <span class=\"wk_campione__name\">bianco primavera<\/span>\n        <\/div>\n\n            <\/li>\n\n    <li class=\"grid-item wk_campione   \" data-code-cache=\"405\" data-code=\"405\" data-title=\"405 - BIANCO PORCELLANA\" data-name=\"bianco porcellana\" data-collection=\"\"  data-available=\"1\" data-cover=\"405.jpg\">\n        <div class=\"wk_campione_cover\">\n            <div class=\"wk_campione_cover_bg lazy\" data-bg=\"https:\/\/ch.abetlaminati.com\/CAMPIONI\/405.jpg\" data-default=\"https:\/\/ch.abetlaminati.com\/CAMPIONI\/405.jpg\" style=\"background-image: url(https:\/\/ch.abetlaminati.com\/CAMPIONI\/405.jpg);\"><\/div>\n            <abet_campionario_wish_button codice=\"405\" nome=\"bianco porcellana\"><\/abet_campionario_wish_button>\n                    <\/div>\n\n        <div class=\"wk_campione_title\">\n            <span class=\"wk_campione__code\">405<\/span> <span class=\"wk_campione__name\">bianco porcellana<\/span>\n        <\/div>\n\n            <\/li>\n\n    <li class=\"grid-item wk_campione   \" data-code-cache=\"410\" data-code=\"410\" data-title=\"410 - Bianco Ghiaccio\" data-name=\"bianco ghiaccio\" data-collection=\"\"  data-available=\"1\" data-cover=\"410.jpg\">\n        <div class=\"wk_campione_cover\">\n            <div class=\"wk_campione_cover_bg lazy\" data-bg=\"https:\/\/ch.abetlaminati.com\/CAMPIONI\/410.jpg\" data-default=\"https:\/\/ch.abetlaminati.com\/CAMPIONI\/410.jpg\" style=\"background-image: url(https:\/\/ch.abetlaminati.com\/CAMPIONI\/410.jpg);\"><\/div>\n            <abet_campionario_wish_button codice=\"410\" nome=\"bianco ghiaccio\"><\/abet_campionario_wish_button>\n                    <\/div>\n\n        <div class=\"wk_campione_title\">\n            <span class=\"wk_campione__code\">410<\/span> <span class=\"wk_campione__name\">bianco ghiaccio<\/span>\n        <\/div>\n\n            <\/li>\n\n    <li class=\"grid-item wk_campione   \" data-code-cache=\"810\" data-code=\"810\" data-title=\"810 - Mini Bianco\" data-name=\"mini bianco\" data-collection=\"\"  data-available=\"1\" data-cover=\"810.jpg\">\n        <div class=\"wk_campione_cover\">\n            <div class=\"wk_campione_cover_bg lazy\" data-bg=\"https:\/\/ch.abetlaminati.com\/CAMPIONI\/810.jpg\" data-default=\"https:\/\/ch.abetlaminati.com\/CAMPIONI\/810.jpg\" style=\"background-image: url(https:\/\/ch.abetlaminati.com\/CAMPIONI\/810.jpg);\"><\/div>\n            <abet_campionario_wish_button codice=\"810\" nome=\"mini bianco\"><\/abet_campionario_wish_button>\n                    <\/div>\n\n        <div class=\"wk_campione_title\">\n            <span class=\"wk_campione__code\">810<\/span> <span class=\"wk_campione__name\">mini bianco<\/span>\n        <\/div>\n\n            <\/li>\n        <\/ul>\n        \t\t\t\t<\/div>\n\t\t\t\t<\/div>\n\t\t\t\t<div class=\"elementor-element elementor-element-621cd3bc elementor-share-buttons--view-icon elementor-share-buttons--skin-minimal elementor-share-buttons--shape-circle elementor-share-buttons--align-center elementor-share-buttons--color-custom elementor-grid-0 elementor-widget elementor-widget-share-buttons\" data-id=\"621cd3bc\" data-element_type=\"widget\" data-widget_type=\"share-buttons.default\">\n\t\t\t\t<div class=\"elementor-widget-container\">\n\t\t\t\t\t\t\t<div class=\"elementor-grid\" role=\"list\">\n\t\t\t\t\t\t\t\t<div class=\"elementor-grid-item\" role=\"listitem\">\n\t\t\t\t\t\t<div class=\"elementor-share-btn elementor-share-btn_twitter\" role=\"button\" tabindex=\"0\" aria-label=\"Teilen auf twitter\">\n\t\t\t\t\t\t\t\t\t\t\t\t\t\t\t<span class=\"elementor-share-btn__icon\">\n\t\t\t\t\t\t\t\t<i class=\"fab fa-twitter\" aria-hidden=\"true\"><\/i>\t\t\t\t\t\t\t<\/span>\n\t\t\t\t\t\t\t\t\t\t\t\t\t\t\t\t\t\t\t\t<\/div>\n\t\t\t\t\t<\/div>\n\t\t\t\t\t\t\t\t\t<div class=\"elementor-grid-item\" role=\"listitem\">\n\t\t\t\t\t\t<div class=\"elementor-share-btn elementor-share-btn_facebook\" role=\"button\" tabindex=\"0\" aria-label=\"Teilen auf facebook\">\n\t\t\t\t\t\t\t\t\t\t\t\t\t\t\t<span class=\"elementor-share-btn__icon\">\n\t\t\t\t\t\t\t\t<i class=\"fab fa-facebook\" aria-hidden=\"true\"><\/i>\t\t\t\t\t\t\t<\/span>\n\t\t\t\t\t\t\t\t\t\t\t\t\t\t\t\t\t\t\t\t<\/div>\n\t\t\t\t\t<\/div>\n\t\t\t\t\t\t\t\t\t<div class=\"elementor-grid-item\" role=\"listitem\">\n\t\t\t\t\t\t<div class=\"elementor-share-btn elementor-share-btn_linkedin\" role=\"button\" tabindex=\"0\" aria-label=\"Teilen auf linkedin\">\n\t\t\t\t\t\t\t\t\t\t\t\t\t\t\t<span class=\"elementor-share-btn__icon\">\n\t\t\t\t\t\t\t\t<i class=\"fab fa-linkedin\" aria-hidden=\"true\"><\/i>\t\t\t\t\t\t\t<\/span>\n\t\t\t\t\t\t\t\t\t\t\t\t\t\t\t\t\t\t\t\t<\/div>\n\t\t\t\t\t<\/div>\n\t\t\t\t\t\t\t\t\t<div class=\"elementor-grid-item\" role=\"listitem\">\n\t\t\t\t\t\t<div class=\"elementor-share-btn elementor-share-btn_pinterest\" role=\"button\" tabindex=\"0\" aria-label=\"Teilen auf pinterest\">\n\t\t\t\t\t\t\t\t\t\t\t\t\t\t\t<span class=\"elementor-share-btn__icon\">\n\t\t\t\t\t\t\t\t<i class=\"fab fa-pinterest\" aria-hidden=\"true\"><\/i>\t\t\t\t\t\t\t<\/span>\n\t\t\t\t\t\t\t\t\t\t\t\t\t\t\t\t\t\t\t\t<\/div>\n\t\t\t\t\t<\/div>\n\t\t\t\t\t\t<\/div>\n\t\t\t\t\t\t<\/div>\n\t\t\t\t<\/div>\n\t\t\t\t<div class=\"elementor-element elementor-element-46a53a08 elementor-widget elementor-widget-post-navigation\" data-id=\"46a53a08\" data-element_type=\"widget\" data-widget_type=\"post-navigation.default\">\n\t\t\t\t<div class=\"elementor-widget-container\">\n\t\t\t\t\t\t\t<div class=\"elementor-post-navigation\" role=\"navigation\" aria-label=\"Beitrag Navigation\">\n\t\t\t<div class=\"elementor-post-navigation__prev elementor-post-navigation__link\">\n\t\t\t\t<a href=\"https:\/\/ch.abetlaminati.com\/de\/abet-spritz-ein-neues-dekor-mit-besten-wuenschen-fuer-frohe-feiertage\/\" rel=\"prev\"><span class=\"post-navigation__arrow-wrapper post-navigation__arrow-prev\"><i aria-hidden=\"true\" class=\"fas fa-caret-left\"><\/i><span class=\"elementor-screen-only\">Zur\u00fcck<\/span><\/span><span class=\"elementor-post-navigation__link__prev\"><span class=\"post-navigation__prev--label\">Previous<\/span><\/span><\/a>\t\t\t<\/div>\n\t\t\t\t\t\t<div class=\"elementor-post-navigation__next elementor-post-navigation__link\">\n\t\t\t\t<a href=\"https:\/\/ch.abetlaminati.com\/de\/abet-laminati-auf-der-mailaender-designwoche-2026\/\" rel=\"next\"><span class=\"elementor-post-navigation__link__next\"><span class=\"post-navigation__next--label\">Next<\/span><\/span><span class=\"post-navigation__arrow-wrapper post-navigation__arrow-next\"><i aria-hidden=\"true\" class=\"fas fa-caret-right\"><\/i><span class=\"elementor-screen-only\">N\u00e4chster<\/span><\/span><\/a>\t\t\t<\/div>\n\t\t<\/div>\n\t\t\t\t\t\t<\/div>\n\t\t\t\t<\/div>\n\t\t\t\t\t<\/div>\n\t\t<\/div>\n\t\t\t\t\t<\/div>\n\t\t<\/section>\n\t\t\t\t<\/div>\n\t\t","protected":false},"excerpt":{"rendered":"<p>Die Pantone\u00ae Farbe des Jahres 2026, Cloud Dancer, definiert zeitgen\u00f6ssisches Wei\u00df neu. Erfahren Sie, wie wei\u00dfe Abet-Laminate Licht, Design und architektonische Oberfl\u00e4chen veredeln.<\/p>\n","protected":false},"author":233,"featured_media":13082,"comment_status":"closed","ping_status":"closed","sticky":false,"template":"","format":"standard","meta":{"_acf_changed":false,"footnotes":""},"categories":[92],"tags":[],"class_list":["post-13039","post","type-post","status-publish","format-standard","has-post-thumbnail","hentry","category-news"],"acf":[],"yoast_head":"<!-- This site is optimized with the Yoast SEO plugin v25.7 - https:\/\/yoast.com\/wordpress\/plugins\/seo\/ -->\n<title>Wei\u00dfe Laminate von Abet: Wo Material auf Licht und Kreativit\u00e4t trifft | Abet Laminati CH<\/title>\n<meta name=\"description\" content=\"Entdecken Sie wei\u00dfe Laminate von Abet: lichtvolle, strukturierte Oberfl\u00e4chen, die Wei\u00df als lebendiges Element f\u00fcr Architektur und Interior Design interpretieren.\" \/>\n<meta name=\"robots\" content=\"index, follow, max-snippet:-1, max-image-preview:large, max-video-preview:-1\" \/>\n<link rel=\"canonical\" href=\"https:\/\/ch.abetlaminati.com\/de\/weise-laminate-von-abet-wo-material-auf-licht-und-kreativitat-trifft\/\" \/>\n<meta property=\"og:locale\" content=\"de_DE\" \/>\n<meta property=\"og:type\" content=\"article\" \/>\n<meta property=\"og:title\" content=\"Wei\u00dfe Laminate von Abet: Wo Material auf Licht und Kreativit\u00e4t trifft | Abet Laminati CH\" \/>\n<meta property=\"og:description\" content=\"Entdecken Sie wei\u00dfe Laminate von Abet: lichtvolle, strukturierte Oberfl\u00e4chen, die Wei\u00df als lebendiges Element f\u00fcr Architektur und Interior Design interpretieren.\" \/>\n<meta property=\"og:url\" content=\"https:\/\/ch.abetlaminati.com\/de\/weise-laminate-von-abet-wo-material-auf-licht-und-kreativitat-trifft\/\" \/>\n<meta property=\"og:site_name\" content=\"Abet Laminati CH\" \/>\n<meta property=\"article:publisher\" content=\"https:\/\/www.facebook.com\/AbetLaminati\" \/>\n<meta property=\"article:published_time\" content=\"2026-01-29T09:35:32+00:00\" \/>\n<meta property=\"article:modified_time\" content=\"2026-01-29T09:42:16+00:00\" \/>\n<meta property=\"og:image\" content=\"https:\/\/ch.abetlaminati.com\/wp-content\/uploads\/sites\/14\/2026\/01\/ABET_News_White-Laminated_Featured-Image-2.webp\" \/>\n\t<meta property=\"og:image:width\" content=\"1000\" \/>\n\t<meta property=\"og:image:height\" content=\"1300\" \/>\n\t<meta property=\"og:image:type\" content=\"image\/webp\" \/>\n<meta name=\"author\" content=\"wkmara\" \/>\n<meta name=\"twitter:card\" content=\"summary_large_image\" \/>\n<script type=\"application\/ld+json\" class=\"yoast-schema-graph\">{\"@context\":\"https:\/\/schema.org\",\"@graph\":[{\"@type\":\"WebPage\",\"@id\":\"https:\/\/ch.abetlaminati.com\/de\/weise-laminate-von-abet-wo-material-auf-licht-und-kreativitat-trifft\/\",\"url\":\"https:\/\/ch.abetlaminati.com\/de\/weise-laminate-von-abet-wo-material-auf-licht-und-kreativitat-trifft\/\",\"name\":\"Wei\u00dfe Laminate von Abet: Wo Material auf Licht und Kreativit\u00e4t trifft | Abet Laminati CH\",\"isPartOf\":{\"@id\":\"https:\/\/ch.abetlaminati.com\/de\/#website\"},\"primaryImageOfPage\":{\"@id\":\"https:\/\/ch.abetlaminati.com\/de\/weise-laminate-von-abet-wo-material-auf-licht-und-kreativitat-trifft\/#primaryimage\"},\"image\":{\"@id\":\"https:\/\/ch.abetlaminati.com\/de\/weise-laminate-von-abet-wo-material-auf-licht-und-kreativitat-trifft\/#primaryimage\"},\"thumbnailUrl\":\"https:\/\/ch.abetlaminati.com\/wp-content\/uploads\/sites\/14\/2026\/01\/ABET_News_White-Laminated_Featured-Image-2.webp\",\"datePublished\":\"2026-01-29T09:35:32+00:00\",\"dateModified\":\"2026-01-29T09:42:16+00:00\",\"author\":{\"@id\":\"https:\/\/ch.abetlaminati.com\/de\/#\/schema\/person\/7c6572e227d10e257cbe884ec1173de3\"},\"description\":\"Entdecken Sie wei\u00dfe Laminate von Abet: lichtvolle, strukturierte Oberfl\u00e4chen, die Wei\u00df als lebendiges Element f\u00fcr Architektur und Interior Design interpretieren.\",\"breadcrumb\":{\"@id\":\"https:\/\/ch.abetlaminati.com\/de\/weise-laminate-von-abet-wo-material-auf-licht-und-kreativitat-trifft\/#breadcrumb\"},\"inLanguage\":\"de\",\"potentialAction\":[{\"@type\":\"ReadAction\",\"target\":[\"https:\/\/ch.abetlaminati.com\/de\/weise-laminate-von-abet-wo-material-auf-licht-und-kreativitat-trifft\/\"]}]},{\"@type\":\"ImageObject\",\"inLanguage\":\"de\",\"@id\":\"https:\/\/ch.abetlaminati.com\/de\/weise-laminate-von-abet-wo-material-auf-licht-und-kreativitat-trifft\/#primaryimage\",\"url\":\"https:\/\/ch.abetlaminati.com\/wp-content\/uploads\/sites\/14\/2026\/01\/ABET_News_White-Laminated_Featured-Image-2.webp\",\"contentUrl\":\"https:\/\/ch.abetlaminati.com\/wp-content\/uploads\/sites\/14\/2026\/01\/ABET_News_White-Laminated_Featured-Image-2.webp\",\"width\":1000,\"height\":1300,\"caption\":\"ABET_White-Laminated\"},{\"@type\":\"BreadcrumbList\",\"@id\":\"https:\/\/ch.abetlaminati.com\/de\/weise-laminate-von-abet-wo-material-auf-licht-und-kreativitat-trifft\/#breadcrumb\",\"itemListElement\":[{\"@type\":\"ListItem\",\"position\":1,\"name\":\"Home\",\"item\":\"https:\/\/ch.abetlaminati.com\/it\/\"},{\"@type\":\"ListItem\",\"position\":2,\"name\":\"Wei\u00dfe Laminate von Abet: Wo Material auf Licht und Kreativit\u00e4t trifft\"}]},{\"@type\":\"WebSite\",\"@id\":\"https:\/\/ch.abetlaminati.com\/de\/#website\",\"url\":\"https:\/\/ch.abetlaminati.com\/de\/\",\"name\":\"Abet Laminati\",\"description\":\"\",\"potentialAction\":[{\"@type\":\"SearchAction\",\"target\":{\"@type\":\"EntryPoint\",\"urlTemplate\":\"https:\/\/ch.abetlaminati.com\/de\/?s={search_term_string}\"},\"query-input\":{\"@type\":\"PropertyValueSpecification\",\"valueRequired\":true,\"valueName\":\"search_term_string\"}}],\"inLanguage\":\"de\"},{\"@type\":\"Person\",\"@id\":\"https:\/\/ch.abetlaminati.com\/de\/#\/schema\/person\/7c6572e227d10e257cbe884ec1173de3\",\"name\":\"wkmara\",\"url\":\"https:\/\/ch.abetlaminati.com\/de\/author\/wkmara\/\"}]}<\/script>\n<!-- \/ Yoast SEO plugin. -->","yoast_head_json":{"title":"Wei\u00dfe Laminate von Abet: Wo Material auf Licht und Kreativit\u00e4t trifft | Abet Laminati CH","description":"Entdecken Sie wei\u00dfe Laminate von Abet: lichtvolle, strukturierte Oberfl\u00e4chen, die Wei\u00df als lebendiges Element f\u00fcr Architektur und Interior Design interpretieren.","robots":{"index":"index","follow":"follow","max-snippet":"max-snippet:-1","max-image-preview":"max-image-preview:large","max-video-preview":"max-video-preview:-1"},"canonical":"https:\/\/ch.abetlaminati.com\/de\/weise-laminate-von-abet-wo-material-auf-licht-und-kreativitat-trifft\/","og_locale":"de_DE","og_type":"article","og_title":"Wei\u00dfe Laminate von Abet: Wo Material auf Licht und Kreativit\u00e4t trifft | Abet Laminati CH","og_description":"Entdecken Sie wei\u00dfe Laminate von Abet: lichtvolle, strukturierte Oberfl\u00e4chen, die Wei\u00df als lebendiges Element f\u00fcr Architektur und Interior Design interpretieren.","og_url":"https:\/\/ch.abetlaminati.com\/de\/weise-laminate-von-abet-wo-material-auf-licht-und-kreativitat-trifft\/","og_site_name":"Abet Laminati CH","article_publisher":"https:\/\/www.facebook.com\/AbetLaminati","article_published_time":"2026-01-29T09:35:32+00:00","article_modified_time":"2026-01-29T09:42:16+00:00","og_image":[{"width":1000,"height":1300,"url":"https:\/\/ch.abetlaminati.com\/wp-content\/uploads\/sites\/14\/2026\/01\/ABET_News_White-Laminated_Featured-Image-2.webp","type":"image\/webp"}],"author":"wkmara","twitter_card":"summary_large_image","schema":{"@context":"https:\/\/schema.org","@graph":[{"@type":"WebPage","@id":"https:\/\/ch.abetlaminati.com\/de\/weise-laminate-von-abet-wo-material-auf-licht-und-kreativitat-trifft\/","url":"https:\/\/ch.abetlaminati.com\/de\/weise-laminate-von-abet-wo-material-auf-licht-und-kreativitat-trifft\/","name":"Wei\u00dfe Laminate von Abet: Wo Material auf Licht und Kreativit\u00e4t trifft | Abet Laminati CH","isPartOf":{"@id":"https:\/\/ch.abetlaminati.com\/de\/#website"},"primaryImageOfPage":{"@id":"https:\/\/ch.abetlaminati.com\/de\/weise-laminate-von-abet-wo-material-auf-licht-und-kreativitat-trifft\/#primaryimage"},"image":{"@id":"https:\/\/ch.abetlaminati.com\/de\/weise-laminate-von-abet-wo-material-auf-licht-und-kreativitat-trifft\/#primaryimage"},"thumbnailUrl":"https:\/\/ch.abetlaminati.com\/wp-content\/uploads\/sites\/14\/2026\/01\/ABET_News_White-Laminated_Featured-Image-2.webp","datePublished":"2026-01-29T09:35:32+00:00","dateModified":"2026-01-29T09:42:16+00:00","author":{"@id":"https:\/\/ch.abetlaminati.com\/de\/#\/schema\/person\/7c6572e227d10e257cbe884ec1173de3"},"description":"Entdecken Sie wei\u00dfe Laminate von Abet: lichtvolle, strukturierte Oberfl\u00e4chen, die Wei\u00df als lebendiges Element f\u00fcr Architektur und Interior Design interpretieren.","breadcrumb":{"@id":"https:\/\/ch.abetlaminati.com\/de\/weise-laminate-von-abet-wo-material-auf-licht-und-kreativitat-trifft\/#breadcrumb"},"inLanguage":"de","potentialAction":[{"@type":"ReadAction","target":["https:\/\/ch.abetlaminati.com\/de\/weise-laminate-von-abet-wo-material-auf-licht-und-kreativitat-trifft\/"]}]},{"@type":"ImageObject","inLanguage":"de","@id":"https:\/\/ch.abetlaminati.com\/de\/weise-laminate-von-abet-wo-material-auf-licht-und-kreativitat-trifft\/#primaryimage","url":"https:\/\/ch.abetlaminati.com\/wp-content\/uploads\/sites\/14\/2026\/01\/ABET_News_White-Laminated_Featured-Image-2.webp","contentUrl":"https:\/\/ch.abetlaminati.com\/wp-content\/uploads\/sites\/14\/2026\/01\/ABET_News_White-Laminated_Featured-Image-2.webp","width":1000,"height":1300,"caption":"ABET_White-Laminated"},{"@type":"BreadcrumbList","@id":"https:\/\/ch.abetlaminati.com\/de\/weise-laminate-von-abet-wo-material-auf-licht-und-kreativitat-trifft\/#breadcrumb","itemListElement":[{"@type":"ListItem","position":1,"name":"Home","item":"https:\/\/ch.abetlaminati.com\/it\/"},{"@type":"ListItem","position":2,"name":"Wei\u00dfe Laminate von Abet: Wo Material auf Licht und Kreativit\u00e4t trifft"}]},{"@type":"WebSite","@id":"https:\/\/ch.abetlaminati.com\/de\/#website","url":"https:\/\/ch.abetlaminati.com\/de\/","name":"Abet Laminati","description":"","potentialAction":[{"@type":"SearchAction","target":{"@type":"EntryPoint","urlTemplate":"https:\/\/ch.abetlaminati.com\/de\/?s={search_term_string}"},"query-input":{"@type":"PropertyValueSpecification","valueRequired":true,"valueName":"search_term_string"}}],"inLanguage":"de"},{"@type":"Person","@id":"https:\/\/ch.abetlaminati.com\/de\/#\/schema\/person\/7c6572e227d10e257cbe884ec1173de3","name":"wkmara","url":"https:\/\/ch.abetlaminati.com\/de\/author\/wkmara\/"}]}},"_links":{"self":[{"href":"https:\/\/ch.abetlaminati.com\/de\/wp-json\/wp\/v2\/posts\/13039","targetHints":{"allow":["GET"]}}],"collection":[{"href":"https:\/\/ch.abetlaminati.com\/de\/wp-json\/wp\/v2\/posts"}],"about":[{"href":"https:\/\/ch.abetlaminati.com\/de\/wp-json\/wp\/v2\/types\/post"}],"author":[{"embeddable":true,"href":"https:\/\/ch.abetlaminati.com\/de\/wp-json\/wp\/v2\/users\/233"}],"replies":[{"embeddable":true,"href":"https:\/\/ch.abetlaminati.com\/de\/wp-json\/wp\/v2\/comments?post=13039"}],"version-history":[{"count":14,"href":"https:\/\/ch.abetlaminati.com\/de\/wp-json\/wp\/v2\/posts\/13039\/revisions"}],"predecessor-version":[{"id":13107,"href":"https:\/\/ch.abetlaminati.com\/de\/wp-json\/wp\/v2\/posts\/13039\/revisions\/13107"}],"wp:featuredmedia":[{"embeddable":true,"href":"https:\/\/ch.abetlaminati.com\/de\/wp-json\/wp\/v2\/media\/13082"}],"wp:attachment":[{"href":"https:\/\/ch.abetlaminati.com\/de\/wp-json\/wp\/v2\/media?parent=13039"}],"wp:term":[{"taxonomy":"category","embeddable":true,"href":"https:\/\/ch.abetlaminati.com\/de\/wp-json\/wp\/v2\/categories?post=13039"},{"taxonomy":"post_tag","embeddable":true,"href":"https:\/\/ch.abetlaminati.com\/de\/wp-json\/wp\/v2\/tags?post=13039"}],"curies":[{"name":"wp","href":"https:\/\/api.w.org\/{rel}","templated":true}]}}