{"id":11530,"date":"2025-09-23T12:07:18","date_gmt":"2025-09-23T10:07:18","guid":{"rendered":"https:\/\/ch.abetlaminati.com\/de\/abet-laminati-a-sicam-2025\/"},"modified":"2025-09-24T17:11:23","modified_gmt":"2025-09-24T15:11:23","slug":"abet-laminati-a-sicam-2025","status":"publish","type":"post","link":"https:\/\/ch.abetlaminati.com\/it\/abet-laminati-a-sicam-2025\/","title":{"rendered":"Abet Laminati a SICAM 2025"},"content":{"rendered":"\t\t<div data-elementor-type=\"wp-post\" data-elementor-id=\"11530\" class=\"elementor elementor-11530\" data-elementor-post-type=\"post\">\n\t\t\t\t\t\t<section class=\"elementor-section elementor-top-section elementor-element elementor-element-78a484d1 elementor-section-boxed elementor-section-height-default elementor-section-height-default\" data-id=\"78a484d1\" data-element_type=\"section\">\n\t\t\t\t\t\t<div class=\"elementor-container elementor-column-gap-default\">\n\t\t\t\t\t<div class=\"elementor-column elementor-col-100 elementor-top-column elementor-element elementor-element-374699a0\" data-id=\"374699a0\" data-element_type=\"column\">\n\t\t\t<div class=\"elementor-widget-wrap elementor-element-populated\">\n\t\t\t\t\t\t<div class=\"elementor-element elementor-element-63b082c4 elementor-widget elementor-widget-theme-post-featured-image elementor-widget-image\" data-id=\"63b082c4\" data-element_type=\"widget\" data-widget_type=\"theme-post-featured-image.default\">\n\t\t\t\t<div class=\"elementor-widget-container\">\n\t\t\t\t\t\t\t\t\t\t\t\t\t\t\t<img fetchpriority=\"high\" decoding=\"async\" width=\"1000\" height=\"1300\" src=\"https:\/\/ch.abetlaminati.com\/wp-content\/uploads\/sites\/14\/2025\/09\/ABET_SICAM-2025_Img-Newsletter.jpg\" class=\"attachment-full size-full wp-image-11515\" alt=\"Abet at Sicam 2025\" srcset=\"https:\/\/ch.abetlaminati.com\/wp-content\/uploads\/sites\/14\/2025\/09\/ABET_SICAM-2025_Img-Newsletter.jpg 1000w, https:\/\/ch.abetlaminati.com\/wp-content\/uploads\/sites\/14\/2025\/09\/ABET_SICAM-2025_Img-Newsletter-231x300.jpg 231w, https:\/\/ch.abetlaminati.com\/wp-content\/uploads\/sites\/14\/2025\/09\/ABET_SICAM-2025_Img-Newsletter-788x1024.jpg 788w, https:\/\/ch.abetlaminati.com\/wp-content\/uploads\/sites\/14\/2025\/09\/ABET_SICAM-2025_Img-Newsletter-768x998.jpg 768w\" sizes=\"(max-width: 1000px) 100vw, 1000px\" \/>\t\t\t\t\t\t\t\t\t\t\t\t\t\t\t<\/div>\n\t\t\t\t<\/div>\n\t\t\t\t\t<\/div>\n\t\t<\/div>\n\t\t\t\t\t<\/div>\n\t\t<\/section>\n\t\t\t\t<section class=\"elementor-section elementor-top-section elementor-element elementor-element-2b5b495b elementor-section-boxed elementor-section-height-default elementor-section-height-default\" data-id=\"2b5b495b\" data-element_type=\"section\">\n\t\t\t\t\t\t<div class=\"elementor-container elementor-column-gap-default\">\n\t\t\t\t\t<div class=\"elementor-column elementor-col-100 elementor-top-column elementor-element elementor-element-4e9cea65\" data-id=\"4e9cea65\" data-element_type=\"column\">\n\t\t\t<div class=\"elementor-widget-wrap elementor-element-populated\">\n\t\t\t\t\t\t<div class=\"elementor-element elementor-element-47b076f0 elementor-widget elementor-widget-theme-post-title elementor-page-title elementor-widget-heading\" data-id=\"47b076f0\" data-element_type=\"widget\" data-widget_type=\"theme-post-title.default\">\n\t\t\t\t<div class=\"elementor-widget-container\">\n\t\t\t\t\t<h1 class=\"elementor-heading-title elementor-size-default\">Abet Laminati a SICAM 2025<\/h1>\t\t\t\t<\/div>\n\t\t\t\t<\/div>\n\t\t\t\t<div class=\"elementor-element elementor-element-30769755 elementor-align-center elementor-widget elementor-widget-post-info\" data-id=\"30769755\" data-element_type=\"widget\" data-widget_type=\"post-info.default\">\n\t\t\t\t<div class=\"elementor-widget-container\">\n\t\t\t\t\t\t\t<ul class=\"elementor-inline-items elementor-icon-list-items elementor-post-info\">\n\t\t\t\t\t\t\t\t<li class=\"elementor-icon-list-item elementor-repeater-item-72e5c62 elementor-inline-item\" itemprop=\"datePublished\">\n\t\t\t\t\t\t<a href=\"https:\/\/ch.abetlaminati.com\/it\/2025\/09\/23\/\">\n\t\t\t\t\t\t\t\t\t\t\t<span class=\"elementor-icon-list-icon\">\n\t\t\t\t\t\t\t\t<i aria-hidden=\"true\" class=\"fas fa-calendar\"><\/i>\t\t\t\t\t\t\t<\/span>\n\t\t\t\t\t\t\t\t\t<span class=\"elementor-icon-list-text elementor-post-info__item elementor-post-info__item--type-date\">\n\t\t\t\t\t\t\t\t\t\t<time>Settembre 23, 2025<\/time>\t\t\t\t\t<\/span>\n\t\t\t\t\t\t\t\t\t<\/a>\n\t\t\t\t<\/li>\n\t\t\t\t<li class=\"elementor-icon-list-item elementor-repeater-item-4cb745f elementor-inline-item\" itemprop=\"about\">\n\t\t\t\t\t\t\t\t\t\t<span class=\"elementor-icon-list-icon\">\n\t\t\t\t\t\t\t\t<i aria-hidden=\"true\" class=\"fas fa-tags\"><\/i>\t\t\t\t\t\t\t<\/span>\n\t\t\t\t\t\t\t\t\t<span class=\"elementor-icon-list-text elementor-post-info__item elementor-post-info__item--type-terms\">\n\t\t\t\t\t\t\t\t\t\t<span class=\"elementor-post-info__terms-list\">\n\t\t\t\t<a href=\"https:\/\/ch.abetlaminati.com\/it\/category\/news\/\" class=\"elementor-post-info__terms-list-item\">News<\/a>\t\t\t\t<\/span>\n\t\t\t\t\t<\/span>\n\t\t\t\t\t\t\t\t<\/li>\n\t\t\t\t<\/ul>\n\t\t\t\t\t\t<\/div>\n\t\t\t\t<\/div>\n\t\t\t\t<div class=\"elementor-element elementor-element-52075b0 elementor-widget elementor-widget-text-editor\" data-id=\"52075b0\" data-element_type=\"widget\" data-widget_type=\"text-editor.default\">\n\t\t\t\t<div class=\"elementor-widget-container\">\n\t\t\t\t\t\t\t\t\t<p><b>Abet Laminati \u00e8 lieta di riconfermare la partecipazione a SICAM<\/b>, l\u2019appuntamento italiano pi\u00f9 rilevante del settore, a <b>Pordenone dal 14 al 17 ottobre 2025<\/b>.<\/p><p>L\u2019azienda presenta raffinate novit\u00e0 della collezione Rocks accanto ad una <b>elegante Capsule con cinque inediti decorativi<\/b>, oltre ad una presentazione esclusiva delle finiture Velwood e Polaris e della collezione Hachure, disegnata da Pierre Charpin.<\/p><p>La <b>collezione Rocks <\/b>si arricchisce di <b>10 nuovi decorativi<\/b>, ispirati all\u2019autenticit\u00e0 delle pietre e capaci di interpretare ogni spazio con carattere e originalit\u00e0. I nuovi Rocks sono caratterizzati dalle finiture Climb e Geo che valorizzano le imperfezioni, le profondit\u00e0 materiche e i rilievi irregolari che rendono unico ogni decoro, e dalla sobria ed elegante Papier, capace di evocare leggere sensazioni tattili.<\/p><p>L\u2019 <b>esclusiva Capsule<\/b> per SICAM 2025 propone 5 nuovi decorativi dalla sofisticata matericit\u00e0: <b>tre Onici in finitura Polaris Contemporary<\/b> e <b>due effetti pietra ispirati al Marmo di Carrara in finitura Papier<\/b>. Una unione di eleganza visiva e ricercatezza materica.<\/p><p>Attraverso suggestive installazioni, Abet Laminati mette in luce il core dei suoi laminati. L&#8217;<b>innovativo allestimento<\/b> comprende campioni di <b>Stratificato in finitura Velwood e core Re-Abet<\/b>, realizzato con una componente certificata di carta kraft 100% riciclata post-consumo, e di <b>Polaris con core Full Colour<\/b>, dove l\u2019anima del pannello si fonde perfettamente con il decorativo, creando armonie tono su tono o contrasti cromatici sofisticati.<\/p><p>Infine, una grande parete sar\u00e0 interamente dedicata alla <b>collezione Hachure di Pierre Charpin<\/b> della Abet Laminati Design Edition, dove linee e trame si intrecciano per raccontare una storia di creativit\u00e0 ed innovazione.<\/p><p>Abet Laminati vi aspetta al\u202f<b>Padiglione 6 \u2013 Stand B18\/C19<\/b>, per un viaggio all\u2019interno di materiali, colori e superfici che raccontano ancora una volta la capacit\u00e0 dell\u2019azienda di unire funzionalit\u00e0 ed estetica.<\/p>\t\t\t\t\t\t\t\t<\/div>\n\t\t\t\t<\/div>\n\t\t\t\t<div class=\"elementor-element elementor-element-169af652 elementor-share-buttons--view-icon elementor-share-buttons--skin-minimal elementor-share-buttons--shape-circle elementor-share-buttons--align-center elementor-share-buttons--color-custom elementor-grid-0 elementor-widget elementor-widget-share-buttons\" data-id=\"169af652\" data-element_type=\"widget\" data-widget_type=\"share-buttons.default\">\n\t\t\t\t<div class=\"elementor-widget-container\">\n\t\t\t\t\t\t\t<div class=\"elementor-grid\" role=\"list\">\n\t\t\t\t\t\t\t\t<div class=\"elementor-grid-item\" role=\"listitem\">\n\t\t\t\t\t\t<div class=\"elementor-share-btn elementor-share-btn_twitter\" role=\"button\" tabindex=\"0\" aria-label=\"Condividi su twitter\">\n\t\t\t\t\t\t\t\t\t\t\t\t\t\t\t<span class=\"elementor-share-btn__icon\">\n\t\t\t\t\t\t\t\t<i class=\"fab fa-twitter\" aria-hidden=\"true\"><\/i>\t\t\t\t\t\t\t<\/span>\n\t\t\t\t\t\t\t\t\t\t\t\t\t\t\t\t\t\t\t\t<\/div>\n\t\t\t\t\t<\/div>\n\t\t\t\t\t\t\t\t\t<div class=\"elementor-grid-item\" role=\"listitem\">\n\t\t\t\t\t\t<div class=\"elementor-share-btn elementor-share-btn_facebook\" role=\"button\" tabindex=\"0\" aria-label=\"Condividi su facebook\">\n\t\t\t\t\t\t\t\t\t\t\t\t\t\t\t<span class=\"elementor-share-btn__icon\">\n\t\t\t\t\t\t\t\t<i class=\"fab fa-facebook\" aria-hidden=\"true\"><\/i>\t\t\t\t\t\t\t<\/span>\n\t\t\t\t\t\t\t\t\t\t\t\t\t\t\t\t\t\t\t\t<\/div>\n\t\t\t\t\t<\/div>\n\t\t\t\t\t\t\t\t\t<div class=\"elementor-grid-item\" role=\"listitem\">\n\t\t\t\t\t\t<div class=\"elementor-share-btn elementor-share-btn_linkedin\" role=\"button\" tabindex=\"0\" aria-label=\"Condividi su linkedin\">\n\t\t\t\t\t\t\t\t\t\t\t\t\t\t\t<span class=\"elementor-share-btn__icon\">\n\t\t\t\t\t\t\t\t<i class=\"fab fa-linkedin\" aria-hidden=\"true\"><\/i>\t\t\t\t\t\t\t<\/span>\n\t\t\t\t\t\t\t\t\t\t\t\t\t\t\t\t\t\t\t\t<\/div>\n\t\t\t\t\t<\/div>\n\t\t\t\t\t\t\t\t\t<div class=\"elementor-grid-item\" role=\"listitem\">\n\t\t\t\t\t\t<div class=\"elementor-share-btn elementor-share-btn_pinterest\" role=\"button\" tabindex=\"0\" aria-label=\"Condividi su pinterest\">\n\t\t\t\t\t\t\t\t\t\t\t\t\t\t\t<span class=\"elementor-share-btn__icon\">\n\t\t\t\t\t\t\t\t<i class=\"fab fa-pinterest\" aria-hidden=\"true\"><\/i>\t\t\t\t\t\t\t<\/span>\n\t\t\t\t\t\t\t\t\t\t\t\t\t\t\t\t\t\t\t\t<\/div>\n\t\t\t\t\t<\/div>\n\t\t\t\t\t\t<\/div>\n\t\t\t\t\t\t<\/div>\n\t\t\t\t<\/div>\n\t\t\t\t<div class=\"elementor-element elementor-element-2abcc9a elementor-widget elementor-widget-post-navigation\" data-id=\"2abcc9a\" data-element_type=\"widget\" data-widget_type=\"post-navigation.default\">\n\t\t\t\t<div class=\"elementor-widget-container\">\n\t\t\t\t\t\t\t<div class=\"elementor-post-navigation\" role=\"navigation\" aria-label=\"Navigazione dell&#039;articolo\">\n\t\t\t<div class=\"elementor-post-navigation__prev elementor-post-navigation__link\">\n\t\t\t\t<a href=\"https:\/\/ch.abetlaminati.com\/it\/abet-laminati-arricchisce-la-collezione-meg-con-nuove-proposte\/\" rel=\"prev\"><span class=\"post-navigation__arrow-wrapper post-navigation__arrow-prev\"><i aria-hidden=\"true\" class=\"fas fa-caret-left\"><\/i><span class=\"elementor-screen-only\">Precedente<\/span><\/span><span class=\"elementor-post-navigation__link__prev\"><span class=\"post-navigation__prev--label\">Previous<\/span><\/span><\/a>\t\t\t<\/div>\n\t\t\t\t\t\t<div class=\"elementor-post-navigation__next elementor-post-navigation__link\">\n\t\t\t\t<a href=\"https:\/\/ch.abetlaminati.com\/it\/landing-sicam-2025\/\" rel=\"next\"><span class=\"elementor-post-navigation__link__next\"><span class=\"post-navigation__next--label\">Next<\/span><\/span><span class=\"post-navigation__arrow-wrapper post-navigation__arrow-next\"><i aria-hidden=\"true\" class=\"fas fa-caret-right\"><\/i><span class=\"elementor-screen-only\">Successivo<\/span><\/span><\/a>\t\t\t<\/div>\n\t\t<\/div>\n\t\t\t\t\t\t<\/div>\n\t\t\t\t<\/div>\n\t\t\t\t\t<\/div>\n\t\t<\/div>\n\t\t\t\t\t<\/div>\n\t\t<\/section>\n\t\t\t\t<\/div>\n\t\t","protected":false},"excerpt":{"rendered":"<p>Abet Laminati \u00e8 lieta di riconfermare la partecipazione a SICAM, l\u2019appuntamento italiano pi\u00f9 rilevante del settore, a Pordenone dal 14 al 17 ottobre 2025. L\u2019azienda presenta raffinate novit\u00e0 della collezione Rocks accanto ad una elegante Capsule con cinque inediti decorativi, oltre ad una presentazione esclusiva delle finiture Velwood e Polaris e della collezione Hachure, disegnata [&hellip;]<\/p>\n","protected":false},"author":101,"featured_media":11515,"comment_status":"closed","ping_status":"closed","sticky":false,"template":"","format":"standard","meta":{"_acf_changed":false,"footnotes":""},"categories":[92],"tags":[],"class_list":["post-11530","post","type-post","status-publish","format-standard","has-post-thumbnail","hentry","category-news"],"acf":[],"yoast_head":"<!-- This site is optimized with the Yoast SEO plugin v25.7 - https:\/\/yoast.com\/wordpress\/plugins\/seo\/ -->\n<title>Abet Laminati a SICAM 2025 | Abet Laminati CH<\/title>\n<meta name=\"description\" content=\"Abet Laminati a SICAM 2025: nuovi decorativi Rocks, una esclusiva capsule e la collezione Design Edition Hachure di Pierre Charpin.\" \/>\n<meta name=\"robots\" content=\"index, follow, max-snippet:-1, max-image-preview:large, max-video-preview:-1\" \/>\n<link rel=\"canonical\" href=\"https:\/\/ch.abetlaminati.com\/it\/abet-laminati-a-sicam-2025\/\" \/>\n<meta property=\"og:locale\" content=\"it_IT\" \/>\n<meta property=\"og:type\" content=\"article\" \/>\n<meta property=\"og:title\" content=\"Abet Laminati a SICAM 2025 | Abet Laminati CH\" \/>\n<meta property=\"og:description\" content=\"Abet Laminati a SICAM 2025: nuovi decorativi Rocks, una esclusiva capsule e la collezione Design Edition Hachure di Pierre Charpin.\" \/>\n<meta property=\"og:url\" content=\"https:\/\/ch.abetlaminati.com\/it\/abet-laminati-a-sicam-2025\/\" \/>\n<meta property=\"og:site_name\" content=\"Abet Laminati CH\" \/>\n<meta property=\"article:publisher\" content=\"https:\/\/www.facebook.com\/AbetLaminati\" \/>\n<meta property=\"article:published_time\" content=\"2025-09-23T10:07:18+00:00\" \/>\n<meta property=\"article:modified_time\" content=\"2025-09-24T15:11:23+00:00\" \/>\n<meta property=\"og:image\" content=\"https:\/\/ch.abetlaminati.com\/wp-content\/uploads\/sites\/14\/2025\/09\/ABET_SICAM-2025_Img-Newsletter.jpg\" \/>\n\t<meta property=\"og:image:width\" content=\"1000\" \/>\n\t<meta property=\"og:image:height\" content=\"1300\" \/>\n\t<meta property=\"og:image:type\" content=\"image\/jpeg\" \/>\n<meta name=\"author\" content=\"wk_lorenzo\" \/>\n<meta name=\"twitter:card\" content=\"summary_large_image\" \/>\n<script type=\"application\/ld+json\" class=\"yoast-schema-graph\">{\"@context\":\"https:\/\/schema.org\",\"@graph\":[{\"@type\":\"WebPage\",\"@id\":\"https:\/\/ch.abetlaminati.com\/it\/abet-laminati-a-sicam-2025\/\",\"url\":\"https:\/\/ch.abetlaminati.com\/it\/abet-laminati-a-sicam-2025\/\",\"name\":\"Abet Laminati a SICAM 2025 | Abet Laminati CH\",\"isPartOf\":{\"@id\":\"https:\/\/ch.abetlaminati.com\/de\/#website\"},\"primaryImageOfPage\":{\"@id\":\"https:\/\/ch.abetlaminati.com\/it\/abet-laminati-a-sicam-2025\/#primaryimage\"},\"image\":{\"@id\":\"https:\/\/ch.abetlaminati.com\/it\/abet-laminati-a-sicam-2025\/#primaryimage\"},\"thumbnailUrl\":\"https:\/\/ch.abetlaminati.com\/wp-content\/uploads\/sites\/14\/2025\/09\/ABET_SICAM-2025_Img-Newsletter.jpg\",\"datePublished\":\"2025-09-23T10:07:18+00:00\",\"dateModified\":\"2025-09-24T15:11:23+00:00\",\"author\":{\"@id\":\"https:\/\/ch.abetlaminati.com\/de\/#\/schema\/person\/09f8ec64a329efe6433a053cb8938c88\"},\"description\":\"Abet Laminati a SICAM 2025: nuovi decorativi Rocks, una esclusiva capsule e la collezione Design Edition Hachure di Pierre Charpin.\",\"breadcrumb\":{\"@id\":\"https:\/\/ch.abetlaminati.com\/it\/abet-laminati-a-sicam-2025\/#breadcrumb\"},\"inLanguage\":\"it-IT\",\"potentialAction\":[{\"@type\":\"ReadAction\",\"target\":[\"https:\/\/ch.abetlaminati.com\/it\/abet-laminati-a-sicam-2025\/\"]}]},{\"@type\":\"ImageObject\",\"inLanguage\":\"it-IT\",\"@id\":\"https:\/\/ch.abetlaminati.com\/it\/abet-laminati-a-sicam-2025\/#primaryimage\",\"url\":\"https:\/\/ch.abetlaminati.com\/wp-content\/uploads\/sites\/14\/2025\/09\/ABET_SICAM-2025_Img-Newsletter.jpg\",\"contentUrl\":\"https:\/\/ch.abetlaminati.com\/wp-content\/uploads\/sites\/14\/2025\/09\/ABET_SICAM-2025_Img-Newsletter.jpg\",\"width\":1000,\"height\":1300,\"caption\":\"Abet at Sicam 2025\"},{\"@type\":\"BreadcrumbList\",\"@id\":\"https:\/\/ch.abetlaminati.com\/it\/abet-laminati-a-sicam-2025\/#breadcrumb\",\"itemListElement\":[{\"@type\":\"ListItem\",\"position\":1,\"name\":\"Home\",\"item\":\"https:\/\/ch.abetlaminati.com\/it\/\"},{\"@type\":\"ListItem\",\"position\":2,\"name\":\"Abet Laminati a SICAM 2025\"}]},{\"@type\":\"WebSite\",\"@id\":\"https:\/\/ch.abetlaminati.com\/de\/#website\",\"url\":\"https:\/\/ch.abetlaminati.com\/de\/\",\"name\":\"Abet Laminati\",\"description\":\"\",\"potentialAction\":[{\"@type\":\"SearchAction\",\"target\":{\"@type\":\"EntryPoint\",\"urlTemplate\":\"https:\/\/ch.abetlaminati.com\/de\/?s={search_term_string}\"},\"query-input\":{\"@type\":\"PropertyValueSpecification\",\"valueRequired\":true,\"valueName\":\"search_term_string\"}}],\"inLanguage\":\"it-IT\"},{\"@type\":\"Person\",\"@id\":\"https:\/\/ch.abetlaminati.com\/de\/#\/schema\/person\/09f8ec64a329efe6433a053cb8938c88\",\"name\":\"wk_lorenzo\",\"url\":\"https:\/\/ch.abetlaminati.com\/it\/author\/wklorenzo\/\"}]}<\/script>\n<!-- \/ Yoast SEO plugin. -->","yoast_head_json":{"title":"Abet Laminati a SICAM 2025 | Abet Laminati CH","description":"Abet Laminati a SICAM 2025: nuovi decorativi Rocks, una esclusiva capsule e la collezione Design Edition Hachure di Pierre Charpin.","robots":{"index":"index","follow":"follow","max-snippet":"max-snippet:-1","max-image-preview":"max-image-preview:large","max-video-preview":"max-video-preview:-1"},"canonical":"https:\/\/ch.abetlaminati.com\/it\/abet-laminati-a-sicam-2025\/","og_locale":"it_IT","og_type":"article","og_title":"Abet Laminati a SICAM 2025 | Abet Laminati CH","og_description":"Abet Laminati a SICAM 2025: nuovi decorativi Rocks, una esclusiva capsule e la collezione Design Edition Hachure di Pierre Charpin.","og_url":"https:\/\/ch.abetlaminati.com\/it\/abet-laminati-a-sicam-2025\/","og_site_name":"Abet Laminati CH","article_publisher":"https:\/\/www.facebook.com\/AbetLaminati","article_published_time":"2025-09-23T10:07:18+00:00","article_modified_time":"2025-09-24T15:11:23+00:00","og_image":[{"width":1000,"height":1300,"url":"https:\/\/ch.abetlaminati.com\/wp-content\/uploads\/sites\/14\/2025\/09\/ABET_SICAM-2025_Img-Newsletter.jpg","type":"image\/jpeg"}],"author":"wk_lorenzo","twitter_card":"summary_large_image","schema":{"@context":"https:\/\/schema.org","@graph":[{"@type":"WebPage","@id":"https:\/\/ch.abetlaminati.com\/it\/abet-laminati-a-sicam-2025\/","url":"https:\/\/ch.abetlaminati.com\/it\/abet-laminati-a-sicam-2025\/","name":"Abet Laminati a SICAM 2025 | Abet Laminati CH","isPartOf":{"@id":"https:\/\/ch.abetlaminati.com\/de\/#website"},"primaryImageOfPage":{"@id":"https:\/\/ch.abetlaminati.com\/it\/abet-laminati-a-sicam-2025\/#primaryimage"},"image":{"@id":"https:\/\/ch.abetlaminati.com\/it\/abet-laminati-a-sicam-2025\/#primaryimage"},"thumbnailUrl":"https:\/\/ch.abetlaminati.com\/wp-content\/uploads\/sites\/14\/2025\/09\/ABET_SICAM-2025_Img-Newsletter.jpg","datePublished":"2025-09-23T10:07:18+00:00","dateModified":"2025-09-24T15:11:23+00:00","author":{"@id":"https:\/\/ch.abetlaminati.com\/de\/#\/schema\/person\/09f8ec64a329efe6433a053cb8938c88"},"description":"Abet Laminati a SICAM 2025: nuovi decorativi Rocks, una esclusiva capsule e la collezione Design Edition Hachure di Pierre Charpin.","breadcrumb":{"@id":"https:\/\/ch.abetlaminati.com\/it\/abet-laminati-a-sicam-2025\/#breadcrumb"},"inLanguage":"it-IT","potentialAction":[{"@type":"ReadAction","target":["https:\/\/ch.abetlaminati.com\/it\/abet-laminati-a-sicam-2025\/"]}]},{"@type":"ImageObject","inLanguage":"it-IT","@id":"https:\/\/ch.abetlaminati.com\/it\/abet-laminati-a-sicam-2025\/#primaryimage","url":"https:\/\/ch.abetlaminati.com\/wp-content\/uploads\/sites\/14\/2025\/09\/ABET_SICAM-2025_Img-Newsletter.jpg","contentUrl":"https:\/\/ch.abetlaminati.com\/wp-content\/uploads\/sites\/14\/2025\/09\/ABET_SICAM-2025_Img-Newsletter.jpg","width":1000,"height":1300,"caption":"Abet at Sicam 2025"},{"@type":"BreadcrumbList","@id":"https:\/\/ch.abetlaminati.com\/it\/abet-laminati-a-sicam-2025\/#breadcrumb","itemListElement":[{"@type":"ListItem","position":1,"name":"Home","item":"https:\/\/ch.abetlaminati.com\/it\/"},{"@type":"ListItem","position":2,"name":"Abet Laminati a SICAM 2025"}]},{"@type":"WebSite","@id":"https:\/\/ch.abetlaminati.com\/de\/#website","url":"https:\/\/ch.abetlaminati.com\/de\/","name":"Abet Laminati","description":"","potentialAction":[{"@type":"SearchAction","target":{"@type":"EntryPoint","urlTemplate":"https:\/\/ch.abetlaminati.com\/de\/?s={search_term_string}"},"query-input":{"@type":"PropertyValueSpecification","valueRequired":true,"valueName":"search_term_string"}}],"inLanguage":"it-IT"},{"@type":"Person","@id":"https:\/\/ch.abetlaminati.com\/de\/#\/schema\/person\/09f8ec64a329efe6433a053cb8938c88","name":"wk_lorenzo","url":"https:\/\/ch.abetlaminati.com\/it\/author\/wklorenzo\/"}]}},"_links":{"self":[{"href":"https:\/\/ch.abetlaminati.com\/it\/wp-json\/wp\/v2\/posts\/11530","targetHints":{"allow":["GET"]}}],"collection":[{"href":"https:\/\/ch.abetlaminati.com\/it\/wp-json\/wp\/v2\/posts"}],"about":[{"href":"https:\/\/ch.abetlaminati.com\/it\/wp-json\/wp\/v2\/types\/post"}],"author":[{"embeddable":true,"href":"https:\/\/ch.abetlaminati.com\/it\/wp-json\/wp\/v2\/users\/101"}],"replies":[{"embeddable":true,"href":"https:\/\/ch.abetlaminati.com\/it\/wp-json\/wp\/v2\/comments?post=11530"}],"version-history":[{"count":0,"href":"https:\/\/ch.abetlaminati.com\/it\/wp-json\/wp\/v2\/posts\/11530\/revisions"}],"wp:featuredmedia":[{"embeddable":true,"href":"https:\/\/ch.abetlaminati.com\/it\/wp-json\/wp\/v2\/media\/11515"}],"wp:attachment":[{"href":"https:\/\/ch.abetlaminati.com\/it\/wp-json\/wp\/v2\/media?parent=11530"}],"wp:term":[{"taxonomy":"category","embeddable":true,"href":"https:\/\/ch.abetlaminati.com\/it\/wp-json\/wp\/v2\/categories?post=11530"},{"taxonomy":"post_tag","embeddable":true,"href":"https:\/\/ch.abetlaminati.com\/it\/wp-json\/wp\/v2\/tags?post=11530"}],"curies":[{"name":"wp","href":"https:\/\/api.w.org\/{rel}","templated":true}]}}